{"id":9480,"date":"2020-09-28T13:49:03","date_gmt":"2020-09-28T11:49:03","guid":{"rendered":"https:\/\/ch-lippmann.de\/blog\/dampffreiheit\/?p=9480"},"modified":"2024-04-22T09:54:34","modified_gmt":"2024-04-22T07:54:34","slug":"eu-scheer-eu-wissenschaftsausschuss-ignoriert-fakten","status":"publish","type":"post","link":"https:\/\/dampffreiheit.de\/blog\/2020\/09\/eu-scheer-eu-wissenschaftsausschuss-ignoriert-fakten\/","title":{"rendered":"[EU] SCHEER &#8211; EU Wissenschaftsausschuss ignoriert Fakten"},"content":{"rendered":"<p>Der EU Wissenschaftsausschuss, Scientific Committee on Health, Environmental and Emerging Risks (SCHEER), hat seinen Bericht, &#8222;<em>Preliminary Opinion on electronic cigarettes<\/em>&#8220; <span id='easy-footnote-1-9480' class='easy-footnote-margin-adjust'><\/span><span class='easy-footnote'><a href='https:\/\/dampffreiheit.de\/blog\/2020\/09\/eu-scheer-eu-wissenschaftsausschuss-ignoriert-fakten\/#easy-footnote-bottom-1-9480' title='&lt;a href=&quot;https:\/\/ec.europa.eu\/health\/sites\/health\/files\/scientific_committees\/scheer\/docs\/scheer_o_017.pdf&quot; target=&quot;_blank&quot; rel=&quot;noopener noreferrer&quot;&gt;https:\/\/ec.europa.eu\/health\/sites\/health\/files\/scientific_committees\/scheer\/docs\/scheer_o_017.pdf&lt;\/a&gt;'><sup>1<\/sup><\/a><\/span> zur Einsch\u00e4tzung der E-Zigarette ver\u00f6ffentlicht. <!--more--><\/p>\n<p>Es gibt schon einige Beitr\u00e4ge zu diesem Thema, siehe unter <a href=\"#weitere_infos\">Weiterf\u00fchrende Informationen<\/a>, dennoch m\u00f6chte ich ebenfalls die Kernaussagen des Berichts festhalten, welche eine Katastrophe sind. In den letzten Jahren gab es eine Menge guter, fachlich korrekter Studien, welche nachgewiesen haben, dass ein Umstieg vom Rauchen auf das Dampfen vorteilhaft f\u00fcr die Gesundheit der Raucher ist. Ebenso wurde nachgewiesen, dass die E-Zigarette beim Rauchstopp mindestens doppelt so effektiv ist, wie herk\u00f6mmliche Nikotinersatztherapien.<br \/>\nIn dem SCHEER Report wurden zwar auch Studien u.a. von Dr. Farsalinos et al. gesichtet aber weniger stark im Gesamtkontext gewichtet. Vielmehr liest sich die Zusammenfassung komplett nach einer Anleitung der WHO, welche Anfang diesen Jahres ihren unwissenschaftlichen M\u00fcll <span id='easy-footnote-2-9480' class='easy-footnote-margin-adjust'><\/span><span class='easy-footnote'><a href='https:\/\/dampffreiheit.de\/blog\/2020\/09\/eu-scheer-eu-wissenschaftsausschuss-ignoriert-fakten\/#easy-footnote-bottom-2-9480' title='&lt;a href=&quot;https:\/\/dampffreiheit.de\/blog\/2020\/01\/us-who-mit-volldampf-in-die-unglaubwuerdigkeit\/&quot; target=&quot;_blank&quot; rel=&quot;noopener noreferrer&quot;&gt;https:\/\/dampffreiheit.de\/blog\/2020\/01\/us-who-mit-volldampf-in-die-unglaubwuerdigkeit\/&lt;\/a&gt;'><sup>2<\/sup><\/a><\/span> zur E-Zigarette verbreitet hat.<\/p>\n<p>&nbsp;<\/p>\n<p>Zitat aus der Zusammenfassung des Reports:<\/p>\n<blockquote><p>The SCHEER concludes that on health effects<br \/>\na) for users of electronic cigarettes<br \/>\n1. the overall weight of evidence for risks of local irritative damage to the respiratory tract is i) moderate for heavy users of electronic cigarette due to the cumulative exposure to polyols, aldehydes and nicotine, and ii) not to be excluded for average and light users. However, the overall reported incidence is low.<br \/>\n2. the overall weight of evidence for risks of long-term systemic effects on the cardiovascular system is strong.<br \/>\n3. the overall weight of evidence for risks of carcinogenicity of the respiratory tract due to long-term, cumulative exposure to nitrosamines and due to exposure to acetaldehyde and formaldehyde is weak to moderate. The weight of evidence for risks of adverse effects, specifically carcinogenicity, due to metals in aerosols is weak.<br \/>\n4. the overall weight of evidence for risks of poisoning and injuries due to burns and explosion, is strong. However, the incidence is low.<br \/>\n5. the overall weight of evidence for risks of other long-term adverse health effects, such as pulmonary disease, CNS and reprotoxic effects, plausible based on the hazard identification and limited human evidence, cannot be established due to lack of consistent data.<br \/>\n6. to date, there is no specific data that specific flavourings used in the EU pose health risks for electronic cigarette users following repeated exposure (but may enhance attractiveness).<\/p>\n<p>&#8212;<\/p>\n<p>Der SCHEER kommt zu dem Schluss, dass sich dies auf die gesundheitlichen Auswirkungen auswirkt<br \/>\na) f\u00fcr Benutzer von elektronischen Zigaretten<br \/>\n1. Das Gesamtgewicht der Nachweise f\u00fcr das Risiko lokaler Reizsch\u00e4den der Atemwege ist i) f\u00fcr starke Benutzer elektronischer Zigaretten aufgrund der kumulativen Exposition gegen\u00fcber Polyolen, Aldehyden und Nikotin m\u00e4\u00dfig und ii) f\u00fcr Durchschnittliche- und Wenig-Benutzer nicht auszuschlie\u00dfen. Die insgesamt gemeldete Inzidenz ist jedoch gering.<br \/>\n2. Das Gesamtgewicht der Evidenz f\u00fcr das Risiko langfristiger systemischer Auswirkungen auf das Herz-Kreislauf-System ist hoch.<br \/>\n3. Das Gesamtgewicht der Evidenz f\u00fcr das Risiko einer Karzinogenit\u00e4t der Atemwege aufgrund einer langfristigen kumulativen Exposition gegen\u00fcber Nitrosaminen und aufgrund einer Exposition gegen\u00fcber Acetaldehyd und Formaldehyd ist schwach bis m\u00e4\u00dfig. Die Beweiskraft f\u00fcr das Risiko von Nebenwirkungen, insbesondere der Kanzerogenit\u00e4t aufgrund von Metallen in Aerosolen, ist schwach.<br \/>\n4. Das Gesamtgewicht der Beweise f\u00fcr Vergiftungs- und Verletzungsrisiken aufgrund von Verbrennungen und Explosionen ist hoch. Die Inzidenz ist jedoch gering.<br \/>\n5. Das Gesamtgewicht der Evidenz f\u00fcr Risiken anderer langfristiger gesundheitssch\u00e4dlicher Auswirkungen wie Lungenerkrankungen, ZNS und reprotoxischer Effekte, die auf der Grundlage der Gefahrenidentifikation und begrenzter menschlicher Evidenz plausibel sind, kann aufgrund fehlender konsistenter Daten nicht ermittelt werden.<br \/>\n6. Bisher gibt es keine spezifischen Daten, nach denen bestimmte in der EU verwendete Aromen nach wiederholter Exposition ein Gesundheitsrisiko f\u00fcr Benutzer elektronischer Zigaretten darstellen (die jedoch die Attraktivit\u00e4t erh\u00f6hen k\u00f6nnen).<\/p><\/blockquote>\n<p>&nbsp;<\/p>\n<blockquote><p>b) for second-hand exposed persons<br \/>\n1. the overall weight of evidence is moderate for risks of local irritative damage to the respiratory tract.<br \/>\n2. the overall weight of evidence for risks of systemic cardiovascular effects in second-hand exposed persons due to exposure to nicotine is weak to moderate.<br \/>\n3. The overall weight of evidence for carcinogenic risk due to cumulative exposure to nitrosamines is weak to moderate.<\/p>\n<p>&#8212;<\/p>\n<p>b) f\u00fcr gebrauchte exponierte Personen<br \/>\n1. Das Gesamtgewicht der Nachweise ist moderat f\u00fcr das Risiko lokaler Reizsch\u00e4den der Atemwege.<br \/>\n2. Das Gesamtgewicht der Evidenz f\u00fcr das Risiko systemischer kardiovaskul\u00e4rer Wirkungen bei aus zweiter Hand exponierten Personen aufgrund der Nikotinexposition ist schwach bis m\u00e4\u00dfig.<br \/>\n3. Das Gesamtgewicht der Hinweise auf ein krebserzeugendes Risiko aufgrund der kumulativen Exposition gegen\u00fcber Nitrosaminen ist schwach bis m\u00e4\u00dfig.<\/p><\/blockquote>\n<p>&nbsp;<\/p>\n<blockquote><p>Electronic cigarettes are relatively new in terms of exposure to humans. More research is needed, in particular on long-term health effects. Regarding the role of electronic cigarettes as a gateway to smoking\/the initiation of smoking, particularly for young people, the SCHEER concludes that there is strong evidence that electronic cigarettes are a gateway to smoking for young people. There is also strong evidence that nicotine in e-liquids is implicated in the development of addiction and that flavours have a relevant contribution for attractiveness of use of electronic cigarette and initiation.<\/p>\n<p>Regarding the role of electronic cigarettes in cessation of traditional tobacco smoking, the SCHEER concludes that there is weak evidence for the support of electronic cigarettes&#8216; effectiveness in helping smokers to quit while the evidence on smoking reduction is assessed as weak to moderate.<\/p>\n<p>&#8212;<\/p>\n<p>Elektronische Zigaretten sind in Bezug auf die Exposition gegen\u00fcber Menschen relativ neu. Weitere Forschungsarbeiten sind erforderlich, insbesondere zu langfristigen gesundheitlichen Auswirkungen. In Bezug auf die Rolle elektronischer Zigaretten als Tor zum Rauchen \/ zur Einleitung des Rauchens, insbesondere f\u00fcr junge Menschen, kommt der SCHEER zu dem Schluss, dass es starke Beweise daf\u00fcr gibt, dass elektronische Zigaretten ein Tor zum Rauchen f\u00fcr junge Menschen sind. Es gibt auch starke Hinweise darauf, dass Nikotin in E-Liquids an der Entwicklung der Sucht beteiligt ist und dass Aromen einen relevanten Beitrag zur Attraktivit\u00e4t der Verwendung elektronischer Zigaretten und zur Initiierung leisten.<\/p>\n<p>In Bezug auf die Rolle elektronischer Zigaretten bei der Beendigung des traditionellen Tabakrauchens kommt der SCHEER zu dem Schluss, dass es schwache Belege f\u00fcr die Wirksamkeit der elektronischen Zigaretten bei der Raucherentw\u00f6hnung gibt, w\u00e4hrend die Belege f\u00fcr die Reduzierung des Rauchens als schwach bis m\u00e4\u00dfig bewertet werden.<\/p><\/blockquote>\n<p>&nbsp;<\/p>\n<p>Die E-Zigarette\/E-Dampfe ist nun seit \u00fcber 10 Jahren auf dem Markt. Millionen Menschen weltweit konnten mit Hilfe der E-Dampfe das Rauchen aufgeben. Dennoch besitzt die WHO und die Politik die Dreistigkeit permanent das Gegenteil zu behaupten. Es ist absolut offensichtlich, dass die E-Zigarette auf das gleiche Niveau der Tabakzigarette gestellt wird, um sie politisch genauso zu Regulieren. Das ist der falsche Weg! Denn die Konsequenz wird sein, dass Raucher aufgrund der Falschinformationen weiterrauchen werden! Die Argumente bzgl. Jugendschutz und Aromen sind an den Haaren herbeigezogen. Wie u.a. auch die DEBRA Studie zeigt, sind Jugendliche nicht an E-Dampfprodukte interessiert. Im Gegensatz zur Einsch\u00e4tzung von SCHEER sind auch die positive gesundheitliche Verbesserungen aufgrund des Umstiegs vom Rauchen auf das Dampfen nicht von der Hand zu weisen (Hajek et al.), als auch f\u00fcr das sogenannte &#8222;Passivdampfen&#8220; gibt es keinerlei Belege daf\u00fcr, dass der Dampf Dritte sch\u00e4digt.<br \/>\nWer sich Studien dazu zu Gem\u00fcte f\u00fchren will, kann sich in der Studiendatenbank <span id='easy-footnote-3-9480' class='easy-footnote-margin-adjust'><\/span><span class='easy-footnote'><a href='https:\/\/dampffreiheit.de\/blog\/2020\/09\/eu-scheer-eu-wissenschaftsausschuss-ignoriert-fakten\/#easy-footnote-bottom-3-9480' title='&lt;a href=&quot;https:\/\/dampffreiheit.de\/blog\/studien\/&quot; target=&quot;_blank&quot; rel=&quot;noopener noreferrer&quot;&gt;https:\/\/dampffreiheit.de\/blog\/studien\/&lt;\/a&gt;'><sup>3<\/sup><\/a><\/span> umsehen.<\/p>\n<p>Dieser Report wird Grundlage f\u00fcr die \u00dcberarbeitung der TPD2 mittels der TPD3 sein, daher ist es wichtig, dass Verbraucherverb\u00e4nde an der \u00f6ffentlichen Konsultation <span id='easy-footnote-4-9480' class='easy-footnote-margin-adjust'><\/span><span class='easy-footnote'><a href='https:\/\/dampffreiheit.de\/blog\/2020\/09\/eu-scheer-eu-wissenschaftsausschuss-ignoriert-fakten\/#easy-footnote-bottom-4-9480' title='&lt;a href=&quot;https:\/\/ec.europa.eu\/health\/scientific_committees\/consultations\/public_consultations\/scheer_consultation_10_en&quot; target=&quot;_blank&quot; rel=&quot;noopener noreferrer&quot;&gt;https:\/\/ec.europa.eu\/health\/scientific_committees\/consultations\/public_consultations\/scheer_consultation_10_en&lt;\/a&gt;'><sup>4<\/sup><\/a><\/span> (Anleitung <span id='easy-footnote-5-9480' class='easy-footnote-margin-adjust'><\/span><span class='easy-footnote'><a href='https:\/\/dampffreiheit.de\/blog\/2020\/09\/eu-scheer-eu-wissenschaftsausschuss-ignoriert-fakten\/#easy-footnote-bottom-5-9480' title='&lt;a href=&quot;https:\/\/ec.europa.eu\/health\/sites\/health\/files\/scientific_committees\/docs\/guidelines_sc_consultation_en.pdf&quot; target=&quot;_blank&quot; rel=&quot;noopener noreferrer&quot;&gt;https:\/\/ec.europa.eu\/health\/sites\/health\/files\/scientific_committees\/docs\/guidelines_sc_consultation_en.pdf&lt;\/a&gt;'><sup>5<\/sup><\/a><\/span>) dazu teilnehmen. Einsendeschluss ist der <strong>26.10.2020<\/strong>.<\/p>\n<p>Wir Dampfer m\u00fcssen endlich wieder aus der politischen Lethargie aufwachen, der Kampf um das Recht weiterhin Tabakschadensminimierung zu betreiben und zu dampfen ist noch lange nicht vorbei, er flammt gerade wieder auf.<\/p>\n<p>&nbsp;<\/p>\n<p>IEVA, Independent European Vape Alliance, l\u00e4dt zur Diskussion bzgl. der kommenden TPD3, am 5. Oktober 2020 ein. <a href=\"https:\/\/mailchi.mp\/eurovape.eu\/reminder-ieva-webinar-on-the-revision-of-the-eu-tpd-5th-oct-2020\" target=\"_blank\" rel=\"noopener noreferrer\">Hier<\/a> kann man sich registrieren. Mit dabei sein werden Clive Bates, Patricia Kovacevic und Peter Beckett.<\/p>\n<p><strong>Nachtrag 12.10.2020<\/strong><\/p>\n<p>Video von Prof. Dr. Bernd Mayer zum SCHEER Report: <a href=\"https:\/\/youtu.be\/VrLr8_Xj6P4\" target=\"_blank\" rel=\"noopener noreferrer\">[AT] Dampfen statt Rauchen Teil 26 SCHEER Report &#8211; Schert mich der?<\/a><\/p>\n<p><strong><a id=\"weitere_infos\"><\/a>Weiterf\u00fchrende Informationen<\/strong><\/p>\n<ul>\n<li><strong>[DE] Vapoon:<\/strong> <a href=\"https:\/\/vapoon.de\/scheer-report-veroeffentlicht-e-zigarette-kommt-nicht-gut-weg\/\" target=\"_blank\" rel=\"bookmark noopener noreferrer\">SCHEER Report ver\u00f6ffentlicht: E-Zigarette kommt nicht gut weg<\/a><\/li>\n<li><strong>[DE] Vapers Guru:<\/strong> <a href=\"https:\/\/www.vapers.guru\/2020\/09\/24\/scheer-report-vorbereitung-der-tpd3\/\" target=\"_blank\" rel=\"noopener noreferrer\">SCHEER Report: Vorbereitung der TPD3<\/a><\/li>\n<li><strong>[DE] Nebelkr\u00e4he:<\/strong> <a href=\"https:\/\/nebelkraehe.eu\/2020\/09\/24\/scheer-report-liest-sich-wie-dkfz-dokument-aus-alten-zeiten\/\" target=\"_blank\" rel=\"noopener noreferrer\">SCHEER-Report liest sich wie dkfz-Dokument aus alten Zeiten<\/a><\/li>\n<li><strong>[DE] Matzes Dampfer Ecke:<\/strong> <a href=\"https:\/\/web.archive.org\/web\/20210923022453\/https:\/\/matzes-dampferecke.de\/2020\/09\/25\/scheer-in-kurz-und-deutsch\/\" target=\"_blank\" rel=\"noopener noreferrer\">SCHEER in Kurz und Deutsch<\/a><\/li>\n<li><strong>[EU] ETHRA:<\/strong> <a href=\"https:\/\/ethra.co\/eu-tpd\/43-what-do-we-know-about-the-tpd-application-report\" target=\"_blank\" rel=\"noopener noreferrer\">What do we know about the TPD application report?<\/a><\/li>\n<li><strong>[IT] Sigmagzine:<\/strong> <a href=\"https:\/\/www.sigmagazine.it\/2020\/09\/sheer-anpvu-wva\/\" target=\"_blank\" rel=\"noopener noreferrer\">Tpd, consumatori critici sul parere dello Scheer sulle sigarette elettroniche<\/a><\/li>\n<li><strong>[HU] Dampfdruck-Presse:<\/strong> <a href=\"https:\/\/dampfdruck-presse.hu\/erinnerung-tut-not\/\" target=\"_blank\" rel=\"noopener noreferrer\">Erinnerung tut not<\/a><\/li>\n<li><strong><strong>[DE] Matzes Dampfer Ecke: <\/strong><\/strong><a href=\"https:\/\/web.archive.org\/web\/20221016025339\/https:\/\/matzes-dampferecke.de\/2020\/09\/27\/in-der-realitaet-oder-ach-so-schlimm-wirds-wohl-nicht-werden\/\" target=\"_blank\" rel=\"noopener noreferrer\">In der Realit\u00e4t\u2026 oder \u201cAch so schlimm wirds wohl nicht werden!\u201d<\/a><\/li>\n<li><strong>[GB] ThatGotMeThinking Blog:<\/strong> <a href=\"https:\/\/thatgotmethinkingblog.wordpress.com\/2020\/09\/28\/scheer-neck\/\" target=\"_blank\" rel=\"noopener noreferrer\">SCHEER NECK!<\/a><\/li>\n<li><strong>[GB] Clive Bates:<\/strong> <a href=\"https:\/\/www.clivebates.com\/european-commission-scheer-scientific-opinion-on-e-cigarettes-a-guide-for-policymakers\/\" target=\"_blank\" rel=\"noopener noreferrer\">European Commission SCHEER scientific opinion on e-cigarettes &#8211; a guide for policymakers<\/a><\/li>\n<li><strong>[FR] e-cig mag:<\/strong> <a href=\"https:\/\/www.e-cigmag.com\/tpd-le-vapotage-risque-de-prendre-scheer\/\" target=\"_blank\" rel=\"noopener noreferrer\">TPD : le vapotage risque de prendre SCHEER !<\/a><\/li>\n<li><strong>[DE] IG ExR:<\/strong> <a href=\"https:\/\/ig.exraucher.org\/2020\/09\/30\/antworten-auf-die-scheer-konsultation\/\" target=\"_blank\" rel=\"noopener noreferrer\">Antworten auf die SCHEER-Konsultation<\/a><\/li>\n<li><strong>[UK] Nicotine Policy:<\/strong> <a href=\"https:\/\/web.archive.org\/web\/20230531151812\/https:\/\/www.nicotinepolicy.net\/blogs\/harry-shapiro\/3868-harry-s-blog-105-sheer-heart-attack\" target=\"_blank\" rel=\"noopener noreferrer\">Harry\u2019s Blog 105: Sheer Heart Attack<\/a><\/li>\n<li><strong>[DE] einfach mal selbst gedacht:<\/strong> <a href=\"https:\/\/einfachmalgedacht.blogspot.com\/2020\/09\/sheer-report-was-steckt-dahinter-neue.html\" target=\"_blank\" rel=\"noopener noreferrer\">Sheer Report &#8211; was steckt dahinter (neue Artikelserie)<\/a><\/li>\n<li><strong><strong>[DE] einfach mal selbst gedacht: <\/strong><\/strong><a href=\"https:\/\/einfachmalgedacht.blogspot.com\/2020\/10\/scheer-report-was-steckt-dahinter-teil-2.html\" target=\"_blank\" rel=\"noopener noreferrer\">Scheer Report &#8211; Was steckt dahinter Teil 2<\/a><\/li>\n<li><strong>[DE] einfach mal selbst gedacht: <\/strong><a href=\"https:\/\/einfachmalgedacht.blogspot.com\/2020\/09\/scheer-report-was-steckt-dahinter-teil-3.html\" target=\"_blank\" rel=\"noopener noreferrer\">Scheer Report &#8211; Was steckt dahinter Teil 3<\/a><\/li>\n<li><strong>[DE] einfach mal selbst gedacht:\u00a0<\/strong><a href=\"https:\/\/einfachmalgedacht.blogspot.com\/2020\/10\/scheer-report-was-steckt-dahinter-teil-4.html\" target=\"_blank\" rel=\"noopener noreferrer\">Scheer Report &#8211; Was steckt dahinter Teil 4<\/a><\/li>\n<li><strong>[DE] einfach mal selbst gedacht: <\/strong><a href=\"https:\/\/einfachmalgedacht.blogspot.com\/2020\/10\/scheer-report-was-steckt-dahinter-teil-5.html\" target=\"_blank\" rel=\"noopener noreferrer\">Scheer Report &#8211; Was steckt dahinter Teil 5<\/a><\/li>\n<li><strong><strong>[DE] einfach mal selbst gedacht: <\/strong><\/strong><a href=\"https:\/\/einfachmalgedacht.blogspot.com\/2020\/10\/scheer-report-was-steckt-dahinter-teil-6.html\" target=\"_blank\" rel=\"noopener noreferrer\">Scheer Report &#8211; Was steckt dahinter Teil 6<\/a><\/li>\n<li><strong>[DE] einfach mal selbst gedacht: <\/strong><a href=\"https:\/\/einfachmalgedacht.blogspot.com\/2020\/10\/scheer-report-was-steckt-dahinter-teil-7.html\" target=\"_blank\" rel=\"noopener noreferrer\">Scheer Report &#8211; Was steckt dahinter Teil 7<\/a><\/li>\n<li><strong>[DE] einfach mal selbst gedacht: <\/strong><a href=\"https:\/\/einfachmalgedacht.blogspot.com\/2020\/10\/scheer-report-was-steckt-dahinter-teil-8.html\" target=\"_blank\" rel=\"noopener noreferrer\">Scheer Report &#8211; Was steckt dahinter Teil 8<\/a><\/li>\n<li><strong>[DE] einfach mal selbst gedacht: <\/strong><a href=\"https:\/\/einfachmalgedacht.blogspot.com\/2020\/10\/scheer-report-was-steckt-dahinter-teil-9.html\" target=\"_blank\" rel=\"noopener noreferrer\">Scheer Report &#8211; Was steckt dahinter Teil 9<\/a><\/li>\n<li><strong>[DE] einfach mal selbst gedacht: <\/strong><a href=\"https:\/\/einfachmalgedacht.blogspot.com\/2020\/10\/scheer-report-was-steckt-dahinter-teil.html\" target=\"_blank\" rel=\"noopener noreferrer\">Scheer Report &#8211; Was steckt dahinter Teil 10\u00a0<\/a><\/li>\n<li><strong>[DE] einfach mal selbst gedacht: <\/strong><a href=\"https:\/\/einfachmalgedacht.blogspot.com\/2020\/10\/scheer-report-was-steckt-dahinter-teil_10.html\" target=\"_blank\" rel=\"noopener noreferrer\">Scheer Report &#8211; Was steckt dahinter Teil 11<\/a><\/li>\n<li><strong>[UK] EPICenter:<\/strong> <a href=\"https:\/\/web.archive.org\/web\/20230117122351\/http:\/\/www.epicenternetwork.eu\/wp-content\/uploads\/2020\/10\/A-response-to-the-SCHEER-preliminary-opinion-on-electronic-cigarettes.pdf\" target=\"_blank\" rel=\"noopener noreferrer\">A response to the SCHEER preliminary opinion on electronic cigarettes<\/a><\/li>\n<li><strong>[UK] Clive Bates:<\/strong> <a href=\"https:\/\/www.clivebates.com\/response-to-the-extremely-poor-european-commission-scheer-preliminary-opinion-on-e-cigarettes\/\" target=\"_blank\" rel=\"noopener noreferrer\">Response to the extremely poor European Commission SCHEER preliminary opinion on e-cigarettes<\/a><\/li>\n<li><strong>[IT] Prof. Polosa:<\/strong> <a href=\"https:\/\/doi.org\/10.1101\/2020.11.09.20228296\" target=\"_blank\" rel=\"noopener noreferrer\">Critical appraisal of the European Union Scientific Committee on Health, Environmental and Emerging Risks (SCHEER) Preliminary Opinion on electronic cigarettes<\/a><\/li>\n<\/ul>\n<div class=\"shariff shariff-align-center shariff-widget-align-center\"><ul class=\"shariff-buttons theme-grey orientation-horizontal buttonsize-small\"><li class=\"shariff-button mailto shariff-nocustomcolor\" style=\"background-color:#a8a8a8\"><a href=\"mailto:?body=https%3A%2F%2Fdampffreiheit.de%2Fblog%2F2020%2F09%2Feu-scheer-eu-wissenschaftsausschuss-ignoriert-fakten%2F&subject=%5BEU%5D%20SCHEER%20%E2%80%93%20EU%20Wissenschaftsausschuss%20ignoriert%20Fakten\" title=\"Per E-Mail versenden\" aria-label=\"Per E-Mail versenden\" role=\"button\" rel=\"noopener nofollow\" class=\"shariff-link\" style=\"; background-color:#999; color:#fff\"><span class=\"shariff-icon\" style=\"\"><svg width=\"32px\" height=\"20px\" xmlns=\"http:\/\/www.w3.org\/2000\/svg\" viewBox=\"0 0 32 32\"><path fill=\"#999\" d=\"M32 12.7v14.2q0 1.2-0.8 2t-2 0.9h-26.3q-1.2 0-2-0.9t-0.8-2v-14.2q0.8 0.9 1.8 1.6 6.5 4.4 8.9 6.1 1 0.8 1.6 1.2t1.7 0.9 2 0.4h0.1q0.9 0 2-0.4t1.7-0.9 1.6-1.2q3-2.2 8.9-6.1 1-0.7 1.8-1.6zM32 7.4q0 1.4-0.9 2.7t-2.2 2.2q-6.7 4.7-8.4 5.8-0.2 0.1-0.7 0.5t-1 0.7-0.9 0.6-1.1 0.5-0.9 0.2h-0.1q-0.4 0-0.9-0.2t-1.1-0.5-0.9-0.6-1-0.7-0.7-0.5q-1.6-1.1-4.7-3.2t-3.6-2.6q-1.1-0.7-2.1-2t-1-2.5q0-1.4 0.7-2.3t2.1-0.9h26.3q1.2 0 2 0.8t0.9 2z\"\/><\/svg><\/span><span class=\"shariff-text\">E-Mail<\/span>&nbsp;<\/a><\/li><li class=\"shariff-button mastodon shariff-nocustomcolor\" style=\"background-color:#563ACC\"><a href=\"https:\/\/s2f.kytta.dev\/?text=%5BEU%5D%20SCHEER%20%E2%80%93%20EU%20Wissenschaftsausschuss%20ignoriert%20Fakten https%3A%2F%2Fdampffreiheit.de%2Fblog%2F2020%2F09%2Feu-scheer-eu-wissenschaftsausschuss-ignoriert-fakten%2F\" title=\"Bei Mastodon teilen\" aria-label=\"Bei Mastodon teilen\" role=\"button\" rel=\"noopener nofollow\" class=\"shariff-link\" style=\"; background-color:#6364FF; color:#fff\" target=\"_blank\"><span class=\"shariff-icon\" style=\"\"><svg width=\"75\" height=\"79\" viewBox=\"0 0 75 79\" fill=\"none\" xmlns=\"http:\/\/www.w3.org\/2000\/svg\"><path d=\"M37.813-.025C32.462-.058 27.114.13 21.79.598c-8.544.621-17.214 5.58-20.203 13.931C-1.12 23.318.408 32.622.465 41.65c.375 7.316.943 14.78 3.392 21.73 4.365 9.465 14.781 14.537 24.782 15.385 7.64.698 15.761-.213 22.517-4.026a54.1 54.1 0 0 0 .01-6.232c-6.855 1.316-14.101 2.609-21.049 1.074-3.883-.88-6.876-4.237-7.25-8.215-1.53-3.988 3.78-.43 5.584-.883 9.048 1.224 18.282.776 27.303-.462 7.044-.837 14.26-4.788 16.65-11.833 2.263-6.135 1.215-12.79 1.698-19.177.06-3.84.09-7.692-.262-11.52C72.596 7.844 63.223.981 53.834.684a219.453 219.453 0 0 0-16.022-.71zm11.294 12.882c5.5-.067 10.801 4.143 11.67 9.653.338 1.48.471 3 .471 4.515v21.088h-8.357c-.07-7.588.153-15.182-.131-22.765-.587-4.368-7.04-5.747-9.672-2.397-2.422 3.04-1.47 7.155-1.67 10.735v6.392h-8.307c-.146-4.996.359-10.045-.404-15.002-1.108-4.218-7.809-5.565-10.094-1.666-1.685 3.046-.712 6.634-.976 9.936v14.767h-8.354c.109-8.165-.238-16.344.215-24.5.674-5.346 5.095-10.389 10.676-10.627 4.902-.739 10.103 2.038 12.053 6.631.375 1.435 1.76 1.932 1.994.084 1.844-3.704 5.501-6.739 9.785-6.771.367-.044.735-.068 1.101-.073z\"\/><defs><linearGradient id=\"paint0_linear_549_34\" x1=\"37.0692\" y1=\"0\" x2=\"37.0692\" y2=\"79\" gradientUnits=\"userSpaceOnUse\"><stop stop-color=\"#6364FF\"\/><stop offset=\"1\" stop-color=\"#563ACC\"\/><\/linearGradient><\/defs><\/svg><\/span><span class=\"shariff-text\">teilen<\/span>&nbsp;<\/a><\/li><li class=\"shariff-button twitter shariff-nocustomcolor\" style=\"background-color:#595959\"><a href=\"https:\/\/twitter.com\/share?url=https%3A%2F%2Fdampffreiheit.de%2Fblog%2F2020%2F09%2Feu-scheer-eu-wissenschaftsausschuss-ignoriert-fakten%2F&text=%5BEU%5D%20SCHEER%20%E2%80%93%20EU%20Wissenschaftsausschuss%20ignoriert%20Fakten&via=DampfFreiheit\" title=\"Bei X teilen\" aria-label=\"Bei X teilen\" role=\"button\" rel=\"noopener nofollow\" class=\"shariff-link\" style=\"; background-color:#000; color:#fff\" target=\"_blank\"><span class=\"shariff-icon\" style=\"\"><svg width=\"32px\" height=\"20px\" xmlns=\"http:\/\/www.w3.org\/2000\/svg\" viewBox=\"0 0 24 24\"><path fill=\"#000\" d=\"M14.258 10.152L23.176 0h-2.113l-7.747 8.813L7.133 0H0l9.352 13.328L0 23.973h2.113l8.176-9.309 6.531 9.309h7.133zm-2.895 3.293l-.949-1.328L2.875 1.56h3.246l6.086 8.523.945 1.328 7.91 11.078h-3.246zm0 0\"\/><\/svg><\/span><span class=\"shariff-text\">teilen<\/span>&nbsp;<\/a><\/li><li class=\"shariff-button telegram shariff-nocustomcolor\" style=\"background-color:#4084A6\"><a href=\"https:\/\/telegram.me\/share\/url?url=https%3A%2F%2Fdampffreiheit.de%2Fblog%2F2020%2F09%2Feu-scheer-eu-wissenschaftsausschuss-ignoriert-fakten%2F&text=%5BEU%5D%20SCHEER%20%E2%80%93%20EU%20Wissenschaftsausschuss%20ignoriert%20Fakten\" title=\"Bei Telegram teilen\" aria-label=\"Bei Telegram teilen\" role=\"button\" rel=\"noopener nofollow\" class=\"shariff-link\" style=\"; background-color:#0088cc; color:#fff\" target=\"_blank\"><span class=\"shariff-icon\" style=\"\"><svg width=\"32px\" height=\"20px\" xmlns=\"http:\/\/www.w3.org\/2000\/svg\" viewBox=\"0 0 32 32\"><path fill=\"#0088cc\" d=\"M30.8 6.5l-4.5 21.4c-.3 1.5-1.2 1.9-2.5 1.2L16.9 24l-3.3 3.2c-.4.4-.7.7-1.4.7l.5-7L25.5 9.2c.6-.5-.1-.8-.9-.3l-15.8 10L2 16.7c-1.5-.5-1.5-1.5.3-2.2L28.9 4.3c1.3-.5 2.3.3 1.9 2.2z\"\/><\/svg><\/span><span class=\"shariff-text\">teilen<\/span>&nbsp;<\/a><\/li><li class=\"shariff-button diaspora shariff-nocustomcolor\" style=\"background-color:#b3b3b3\"><a href=\"https:\/\/share.diasporafoundation.org\/?url=https%3A%2F%2Fdampffreiheit.de%2Fblog%2F2020%2F09%2Feu-scheer-eu-wissenschaftsausschuss-ignoriert-fakten%2F&title=%5BEU%5D%20SCHEER%20%E2%80%93%20EU%20Wissenschaftsausschuss%20ignoriert%20Fakten\" title=\"Bei diaspora* teilen\" aria-label=\"Bei diaspora* teilen\" role=\"button\" rel=\"noopener nofollow\" class=\"shariff-link\" style=\"; background-color:#999; color:#fff\" target=\"_blank\"><span class=\"shariff-icon\" style=\"\"><svg width=\"32px\" height=\"20px\" xmlns=\"http:\/\/www.w3.org\/2000\/svg\" viewBox=\"0 0 33 32\"><path fill=\"#999\" d=\"M20.6 28.2c-0.8-1.2-2.1-2.9-2.9-4-0.8-1.1-1.4-1.9-1.4-1.9s-1.2 1.6-2.8 3.8c-1.5 2.1-2.8 3.8-2.8 3.8 0 0-5.5-3.9-5.5-3.9 0 0 1.2-1.8 2.8-4s2.8-4 2.8-4.1c0-0.1-0.5-0.2-4.4-1.5-2.4-0.8-4.4-1.5-4.4-1.5 0 0 0.2-0.8 1-3.2 0.6-1.8 1-3.2 1.1-3.3s2.1 0.6 4.6 1.5c2.5 0.8 4.6 1.5 4.6 1.5s0.1 0 0.1-0.1c0 0 0-2.2 0-4.8s0-4.7 0.1-4.7c0 0 0.7 0 3.3 0 1.8 0 3.3 0 3.4 0 0 0 0.1 1.4 0.2 4.6 0.1 5.2 0.1 5.3 0.2 5.3 0 0 2-0.7 4.5-1.5s4.4-1.5 4.4-1.5c0 0.1 2 6.5 2 6.5 0 0-2 0.7-4.5 1.5-3.4 1.1-4.5 1.5-4.5 1.6 0 0 1.2 1.8 2.6 3.9 1.5 2.1 2.6 3.9 2.6 3.9 0 0-5.4 4-5.5 4 0 0-0.7-0.9-1.5-2.1z\"\/><\/svg><\/span><span class=\"shariff-text\">teilen<\/span>&nbsp;<\/a><\/li><li class=\"shariff-button facebook shariff-nocustomcolor\" style=\"background-color:#4273c8\"><a href=\"https:\/\/www.facebook.com\/sharer\/sharer.php?u=https%3A%2F%2Fdampffreiheit.de%2Fblog%2F2020%2F09%2Feu-scheer-eu-wissenschaftsausschuss-ignoriert-fakten%2F\" title=\"Bei Facebook teilen\" aria-label=\"Bei Facebook teilen\" role=\"button\" rel=\"nofollow\" class=\"shariff-link\" style=\"; background-color:#3b5998; color:#fff\" target=\"_blank\"><span class=\"shariff-icon\" style=\"\"><svg width=\"32px\" height=\"20px\" xmlns=\"http:\/\/www.w3.org\/2000\/svg\" viewBox=\"0 0 18 32\"><path fill=\"#3b5998\" d=\"M17.1 0.2v4.7h-2.8q-1.5 0-2.1 0.6t-0.5 1.9v3.4h5.2l-0.7 5.3h-4.5v13.6h-5.5v-13.6h-4.5v-5.3h4.5v-3.9q0-3.3 1.9-5.2t5-1.8q2.6 0 4.1 0.2z\"\/><\/svg><\/span><span class=\"shariff-text\">teilen<\/span>&nbsp;<\/a><\/li><li class=\"shariff-button threema shariff-nocustomcolor shariff-mobile\" style=\"background-color:#4fbc24\"><a href=\"threema:\/\/compose?text=%5BEU%5D%20SCHEER%20%E2%80%93%20EU%20Wissenschaftsausschuss%20ignoriert%20Fakten%20https%3A%2F%2Fdampffreiheit.de%2Fblog%2F2020%2F09%2Feu-scheer-eu-wissenschaftsausschuss-ignoriert-fakten%2F\" title=\"Bei Threema teilen\" aria-label=\"Bei Threema teilen\" role=\"button\" rel=\"noopener nofollow\" class=\"shariff-link\" style=\"; background-color:#1f1f1f; color:#fff\" target=\"_blank\"><span class=\"shariff-icon\" style=\"\"><svg width=\"32px\" height=\"20px\" xmlns=\"http:\/\/www.w3.org\/2000\/svg\" viewBox=\"0 0 32 32\"><path fill=\"#1f1f1f\" d=\"M30.8 10.9c-0.3-1.4-0.9-2.6-1.8-3.8-2-2.6-5.5-4.5-9.4-5.2-1.3-0.2-1.9-0.3-3.5-0.3s-2.2 0-3.5 0.3c-4 0.7-7.4 2.6-9.4 5.2-0.9 1.2-1.5 2.4-1.8 3.8-0.1 0.5-0.2 1.2-0.2 1.6 0 0.4 0.1 1.1 0.2 1.6 0.4 1.9 1.3 3.4 2.9 5 0.8 0.8 0.8 0.8 0.7 1.3 0 0.6-0.5 1.6-1.7 3.6-0.3 0.5-0.5 0.9-0.5 0.9 0 0.1 0.1 0.1 0.5 0 0.8-0.2 2.3-0.6 5.6-1.6 1.1-0.3 1.3-0.4 2.3-0.4 0.8 0 1.1 0 2.3 0.2 1.5 0.2 3.5 0.2 4.9 0 5.1-0.6 9.3-2.9 11.4-6.3 0.5-0.9 0.9-1.8 1.1-2.8 0.1-0.5 0.2-1.1 0.2-1.6 0-0.7-0.1-1.1-0.2-1.6-0.3-1.4 0.1 0.5 0 0zM20.6 17.3c0 0.4-0.4 0.8-0.8 0.8h-7.7c-0.4 0-0.8-0.4-0.8-0.8v-4.6c0-0.4 0.4-0.8 0.8-0.8h0.2l0-1.6c0-0.9 0-1.8 0.1-2 0.1-0.6 0.6-1.2 1.1-1.7s1.1-0.7 1.9-0.8c1.8-0.3 3.7 0.7 4.2 2.2 0.1 0.3 0.1 0.7 0.1 2.1v0 1.7h0.1c0.4 0 0.8 0.4 0.8 0.8v4.6zM15.6 7.3c-0.5 0.1-0.8 0.3-1.2 0.6s-0.6 0.8-0.7 1.3c0 0.2 0 0.8 0 1.5l0 1.2h4.6v-1.3c0-1 0-1.4-0.1-1.6-0.3-1.1-1.5-1.9-2.6-1.7zM25.8 28.2c0 1.2-1 2.2-2.1 2.2s-2.1-1-2.1-2.1c0-1.2 1-2.1 2.2-2.1s2.2 1 2.2 2.2zM18.1 28.2c0 1.2-1 2.2-2.1 2.2s-2.1-1-2.1-2.1c0-1.2 1-2.1 2.2-2.1s2.2 1 2.2 2.2zM10.4 28.2c0 1.2-1 2.2-2.1 2.2s-2.1-1-2.1-2.1c0-1.2 1-2.1 2.2-2.1s2.2 1 2.2 2.2z\"\/><\/svg><\/span><span class=\"shariff-text\">teilen<\/span>&nbsp;<\/a><\/li><li class=\"shariff-button tumblr shariff-nocustomcolor\" style=\"background-color:#529ecc\"><a href=\"https:\/\/www.tumblr.com\/widgets\/share\/tool?posttype=link&canonicalUrl=https%3A%2F%2Fdampffreiheit.de%2Fblog%2F2020%2F09%2Feu-scheer-eu-wissenschaftsausschuss-ignoriert-fakten%2F&tags=dampffreiheit.de\" title=\"Bei tumblr teilen\" aria-label=\"Bei tumblr teilen\" role=\"button\" rel=\"noopener nofollow\" class=\"shariff-link\" style=\"; background-color:#36465d; color:#fff\" target=\"_blank\"><span class=\"shariff-icon\" style=\"\"><svg width=\"32px\" height=\"20px\" xmlns=\"http:\/\/www.w3.org\/2000\/svg\" viewBox=\"0 0 32 32\"><path fill=\"#36465d\" d=\"M18 14l0 7.3c0 1.9 0 2.9 0.2 3.5 0.2 0.5 0.7 1.1 1.2 1.4 0.7 0.4 1.5 0.6 2.4 0.6 1.6 0 2.6-0.2 4.2-1.3v4.8c-1.4 0.6-2.6 1-3.7 1.3-1.1 0.3-2.3 0.4-3.6 0.4-1.5 0-2.3-0.2-3.4-0.6-1.1-0.4-2.1-0.9-2.9-1.6-0.8-0.7-1.3-1.4-1.7-2.2s-0.5-1.9-0.5-3.4v-11.2h-4.3v-4.5c1.3-0.4 2.7-1 3.6-1.8 0.9-0.8 1.6-1.7 2.2-2.7 0.5-1.1 0.9-2.4 1.1-4.1h5.2l0 8h8v6h-8z\"\/><\/svg><\/span><span class=\"shariff-text\">teilen<\/span>&nbsp;<\/a><\/li><li class=\"shariff-button reddit shariff-nocustomcolor\" style=\"background-color:#ff5700\"><a href=\"https:\/\/www.reddit.com\/submit?url=https%3A%2F%2Fdampffreiheit.de%2Fblog%2F2020%2F09%2Feu-scheer-eu-wissenschaftsausschuss-ignoriert-fakten%2F\" title=\"Bei Reddit teilen\" aria-label=\"Bei Reddit teilen\" role=\"button\" rel=\"noopener nofollow\" class=\"shariff-link\" style=\"; background-color:#ff4500; color:#fff\" target=\"_blank\"><span class=\"shariff-icon\" style=\"\"><svg xmlns=\"http:\/\/www.w3.org\/2000\/svg\" viewBox=\"0 0 512 512\"><path fill=\"#ff4500\" d=\"M440.3 203.5c-15 0-28.2 6.2-37.9 15.9-35.7-24.7-83.8-40.6-137.1-42.3L293 52.3l88.2 19.8c0 21.6 17.6 39.2 39.2 39.2 22 0 39.7-18.1 39.7-39.7s-17.6-39.7-39.7-39.7c-15.4 0-28.7 9.3-35.3 22l-97.4-21.6c-4.9-1.3-9.7 2.2-11 7.1L246.3 177c-52.9 2.2-100.5 18.1-136.3 42.8-9.7-10.1-23.4-16.3-38.4-16.3-55.6 0-73.8 74.6-22.9 100.1-1.8 7.9-2.6 16.3-2.6 24.7 0 83.8 94.4 151.7 210.3 151.7 116.4 0 210.8-67.9 210.8-151.7 0-8.4-.9-17.2-3.1-25.1 49.9-25.6 31.5-99.7-23.8-99.7zM129.4 308.9c0-22 17.6-39.7 39.7-39.7 21.6 0 39.2 17.6 39.2 39.7 0 21.6-17.6 39.2-39.2 39.2-22 .1-39.7-17.6-39.7-39.2zm214.3 93.5c-36.4 36.4-139.1 36.4-175.5 0-4-3.5-4-9.7 0-13.7 3.5-3.5 9.7-3.5 13.2 0 27.8 28.5 120 29 149 0 3.5-3.5 9.7-3.5 13.2 0 4.1 4 4.1 10.2.1 13.7zm-.8-54.2c-21.6 0-39.2-17.6-39.2-39.2 0-22 17.6-39.7 39.2-39.7 22 0 39.7 17.6 39.7 39.7-.1 21.5-17.7 39.2-39.7 39.2z\"\/><\/svg><\/span><span class=\"shariff-text\">teilen<\/span>&nbsp;<\/a><\/li><li class=\"shariff-button whatsapp shariff-nocustomcolor\" style=\"background-color:#5cbe4a\"><a href=\"https:\/\/api.whatsapp.com\/send?text=https%3A%2F%2Fdampffreiheit.de%2Fblog%2F2020%2F09%2Feu-scheer-eu-wissenschaftsausschuss-ignoriert-fakten%2F%20%5BEU%5D%20SCHEER%20%E2%80%93%20EU%20Wissenschaftsausschuss%20ignoriert%20Fakten\" title=\"Bei Whatsapp teilen\" aria-label=\"Bei Whatsapp teilen\" role=\"button\" rel=\"noopener nofollow\" class=\"shariff-link\" style=\"; background-color:#34af23; color:#fff\" target=\"_blank\"><span class=\"shariff-icon\" style=\"\"><svg width=\"32px\" height=\"20px\" xmlns=\"http:\/\/www.w3.org\/2000\/svg\" viewBox=\"0 0 32 32\"><path fill=\"#34af23\" d=\"M17.6 17.4q0.2 0 1.7 0.8t1.6 0.9q0 0.1 0 0.3 0 0.6-0.3 1.4-0.3 0.7-1.3 1.2t-1.8 0.5q-1 0-3.4-1.1-1.7-0.8-3-2.1t-2.6-3.3q-1.3-1.9-1.3-3.5v-0.1q0.1-1.6 1.3-2.8 0.4-0.4 0.9-0.4 0.1 0 0.3 0t0.3 0q0.3 0 0.5 0.1t0.3 0.5q0.1 0.4 0.6 1.6t0.4 1.3q0 0.4-0.6 1t-0.6 0.8q0 0.1 0.1 0.3 0.6 1.3 1.8 2.4 1 0.9 2.7 1.8 0.2 0.1 0.4 0.1 0.3 0 1-0.9t0.9-0.9zM14 26.9q2.3 0 4.3-0.9t3.6-2.4 2.4-3.6 0.9-4.3-0.9-4.3-2.4-3.6-3.6-2.4-4.3-0.9-4.3 0.9-3.6 2.4-2.4 3.6-0.9 4.3q0 3.6 2.1 6.6l-1.4 4.2 4.3-1.4q2.8 1.9 6.2 1.9zM14 2.2q2.7 0 5.2 1.1t4.3 2.9 2.9 4.3 1.1 5.2-1.1 5.2-2.9 4.3-4.3 2.9-5.2 1.1q-3.5 0-6.5-1.7l-7.4 2.4 2.4-7.2q-1.9-3.2-1.9-6.9 0-2.7 1.1-5.2t2.9-4.3 4.3-2.9 5.2-1.1z\"\/><\/svg><\/span><span class=\"shariff-text\">teilen<\/span>&nbsp;<\/a><\/li><li class=\"shariff-button info shariff-nocustomcolor\" style=\"background-color:#a8a8a8\"><a href=\"http:\/\/ct.de\/-2467514\" title=\"Weitere Informationen\" aria-label=\"Weitere Informationen\" role=\"button\" rel=\"noopener \" class=\"shariff-link\" style=\"; background-color:#999; color:#fff\" target=\"_blank\"><span class=\"shariff-icon\" style=\"\"><svg width=\"32px\" height=\"20px\" xmlns=\"http:\/\/www.w3.org\/2000\/svg\" viewBox=\"0 0 11 32\"><path fill=\"#999\" d=\"M11.4 24v2.3q0 0.5-0.3 0.8t-0.8 0.4h-9.1q-0.5 0-0.8-0.4t-0.4-0.8v-2.3q0-0.5 0.4-0.8t0.8-0.4h1.1v-6.8h-1.1q-0.5 0-0.8-0.4t-0.4-0.8v-2.3q0-0.5 0.4-0.8t0.8-0.4h6.8q0.5 0 0.8 0.4t0.4 0.8v10.3h1.1q0.5 0 0.8 0.4t0.3 0.8zM9.2 3.4v3.4q0 0.5-0.4 0.8t-0.8 0.4h-4.6q-0.4 0-0.8-0.4t-0.4-0.8v-3.4q0-0.4 0.4-0.8t0.8-0.4h4.6q0.5 0 0.8 0.4t0.4 0.8z\"\/><\/svg><\/span><\/a><\/li><\/ul><\/div>","protected":false},"excerpt":{"rendered":"<p>Der EU Wissenschaftsausschuss, Scientific Committee on Health, Environmental and Emerging Risks (SCHEER), hat seinen Bericht, &#8222;Preliminary Opinion on electronic cigarettes&#8220; zur Einsch\u00e4tzung der E-Zigarette ver\u00f6ffentlicht.<\/p>\n","protected":false},"author":1,"featured_media":9502,"comment_status":"open","ping_status":"open","sticky":false,"template":"","format":"standard","meta":{"_sitemap_exclude":false,"_sitemap_priority":"","_sitemap_frequency":"","footnotes":""},"categories":[54,1426],"tags":[22,42,1150,69,75,1615,114,1614,118],"class_list":["post-9480","post","type-post","status-publish","format-standard","has-post-thumbnail","hentry","category-blog","category-politikundrecht","tag-e-zigarette","tag-eu","tag-konsultation","tag-liquid","tag-nikotin","tag-scheer","tag-tpd2","tag-tpd3","tag-who"],"_links":{"self":[{"href":"https:\/\/dampffreiheit.de\/blog\/wp-json\/wp\/v2\/posts\/9480","targetHints":{"allow":["GET"]}}],"collection":[{"href":"https:\/\/dampffreiheit.de\/blog\/wp-json\/wp\/v2\/posts"}],"about":[{"href":"https:\/\/dampffreiheit.de\/blog\/wp-json\/wp\/v2\/types\/post"}],"author":[{"embeddable":true,"href":"https:\/\/dampffreiheit.de\/blog\/wp-json\/wp\/v2\/users\/1"}],"replies":[{"embeddable":true,"href":"https:\/\/dampffreiheit.de\/blog\/wp-json\/wp\/v2\/comments?post=9480"}],"version-history":[{"count":0,"href":"https:\/\/dampffreiheit.de\/blog\/wp-json\/wp\/v2\/posts\/9480\/revisions"}],"wp:featuredmedia":[{"embeddable":true,"href":"https:\/\/dampffreiheit.de\/blog\/wp-json\/wp\/v2\/media\/9502"}],"wp:attachment":[{"href":"https:\/\/dampffreiheit.de\/blog\/wp-json\/wp\/v2\/media?parent=9480"}],"wp:term":[{"taxonomy":"category","embeddable":true,"href":"https:\/\/dampffreiheit.de\/blog\/wp-json\/wp\/v2\/categories?post=9480"},{"taxonomy":"post_tag","embeddable":true,"href":"https:\/\/dampffreiheit.de\/blog\/wp-json\/wp\/v2\/tags?post=9480"}],"curies":[{"name":"wp","href":"https:\/\/api.w.org\/{rel}","templated":true}]}}