{"id":8756,"date":"2020-05-25T10:56:18","date_gmt":"2020-05-25T08:56:18","guid":{"rendered":"https:\/\/ch-lippmann.de\/blog\/dampffreiheit\/?p=8756"},"modified":"2023-10-16T09:26:26","modified_gmt":"2023-10-16T07:26:26","slug":"us-who-marketing-an-kinder","status":"publish","type":"post","link":"https:\/\/dampffreiheit.de\/blog\/2020\/05\/us-who-marketing-an-kinder\/","title":{"rendered":"[US] WHO &#8211; Marketing an Kinder"},"content":{"rendered":"<p>Wie in einem vorangegangen Beitrag geschrieben,\u00a0<em>[US] WHO \u2013 Ideologie vor Verstand<\/em> <span id='easy-footnote-1-8756' class='easy-footnote-margin-adjust'><\/span><span class='easy-footnote'><a href='https:\/\/dampffreiheit.de\/blog\/2020\/05\/us-who-marketing-an-kinder\/#easy-footnote-bottom-1-8756' title='&lt;a href=&quot;https:\/\/dampffreiheit.de\/blog\/2020\/05\/us-who-ideologie-vor-verstand\/&quot; target=&quot;_blank&quot; rel=&quot;noopener noreferrer&quot;&gt;https:\/\/dampffreiheit.de\/blog\/2020\/05\/us-who-ideologie-vor-verstand\/&lt;\/a&gt;'><sup>1<\/sup><\/a><\/span>, hat sich die WHO zu dem diesj\u00e4hrigen Weltnichtrauchertag auch die schadensminimierende Alternative, die E-Zigarette, als neuen Feind vorgenommen.<!--more--><\/p>\n<p>In der begleitenden Social Media Kampagne kann man seinen Augen kaum trauen: hier benutzt &#8211; oder muss man nicht eher sagen, mi\u00dfbraucht? &#8211; die WHO tats\u00e4chlich Kinder mit gro\u00dfen Kulleraugen und angedeuteten Dampf bzw. Rauch um ihre manipulierende Botschaft zu transportieren, die Tabak- und E-Zigarettenindustrie w\u00fcrde alles daf\u00fcr tun um eine neue Generation &#8222;S\u00fcchtige&#8220; heranzuziehen. Dabei nutzt die WHO alle Tricks, welche sie der Industrie vorwirft: kinderfreundliche bunte Farben, stylisches Aussehen, Lifestyle etc.<br \/>\nJeder der nur ein wenig von Werbung versteht, wei\u00df, egal was f\u00fcr eine Botschaft im Text steht, dass Bild wirkt von der ersten Sekunde an. Es ist einfach unfassbar, mit welchen miesen Tricks die WHO arbeitet.<br \/>\nMich w\u00fcrde es nicht wundern, wenn Kinder die solche &#8222;tolle&#8220; Bildchen sehen, erst recht neugierig auf E-Dampf- oder Tabakprodukte werden. Wer genehmigt solch einen Mist?!?<\/p>\n<table style=\"height: 696px; width: 45%; border-style: hidden;\" cellpadding=\"0\">\n<tbody>\n<tr style=\"height: 348px;\">\n<td style=\"width: 33.3333%; height: 348px;\">\n<p><figure id=\"attachment_8757\" aria-describedby=\"caption-attachment-8757\" style=\"width: 300px\" class=\"wp-caption alignnone\"><a href=\"https:\/\/dampffreiheit.de\/blog\/wp-content\/uploads\/2020\/05\/who-wntd-social-posts-post-1a.jpg\"><img loading=\"lazy\" decoding=\"async\" class=\"wp-image-8757 size-medium\" src=\"https:\/\/dampffreiheit.de\/blog\/wp-content\/uploads\/2020\/05\/who-wntd-social-posts-post-1a-300x300.jpg\" alt=\"\" width=\"300\" height=\"300\" srcset=\"https:\/\/dampffreiheit.de\/blog\/wp-content\/uploads\/2020\/05\/who-wntd-social-posts-post-1a-300x300.jpg 300w, https:\/\/dampffreiheit.de\/blog\/wp-content\/uploads\/2020\/05\/who-wntd-social-posts-post-1a-1024x1024.jpg 1024w, https:\/\/dampffreiheit.de\/blog\/wp-content\/uploads\/2020\/05\/who-wntd-social-posts-post-1a-150x150.jpg 150w, https:\/\/dampffreiheit.de\/blog\/wp-content\/uploads\/2020\/05\/who-wntd-social-posts-post-1a-768x768.jpg 768w, https:\/\/dampffreiheit.de\/blog\/wp-content\/uploads\/2020\/05\/who-wntd-social-posts-post-1a-830x830.jpg 830w, https:\/\/dampffreiheit.de\/blog\/wp-content\/uploads\/2020\/05\/who-wntd-social-posts-post-1a-230x230.jpg 230w, https:\/\/dampffreiheit.de\/blog\/wp-content\/uploads\/2020\/05\/who-wntd-social-posts-post-1a-350x350.jpg 350w, https:\/\/dampffreiheit.de\/blog\/wp-content\/uploads\/2020\/05\/who-wntd-social-posts-post-1a-480x480.jpg 480w, https:\/\/dampffreiheit.de\/blog\/wp-content\/uploads\/2020\/05\/who-wntd-social-posts-post-1a.jpg 1080w\" sizes=\"auto, (max-width: 300px) 100vw, 300px\" \/><\/a><figcaption id=\"caption-attachment-8757\" class=\"wp-caption-text\">Quelle: <a href=\"https:\/\/web.archive.org\/web\/20200605234634\/https:\/\/www.who.int\/news-room\/campaigns\/world-no-tobacco-day\/world-no-tobacco-day-2020\/social-media-materials\"> WHO Kampagnenseite<\/a><\/figcaption><\/figure><\/td>\n<td style=\"width: 33.3333%; height: 348px;\">\n<p><figure id=\"attachment_8758\" aria-describedby=\"caption-attachment-8758\" style=\"width: 300px\" class=\"wp-caption alignnone\"><a href=\"https:\/\/dampffreiheit.de\/blog\/wp-content\/uploads\/2020\/05\/who-wntd-social-posts-post-1c.jpg\"><img loading=\"lazy\" decoding=\"async\" class=\"wp-image-8758 size-medium\" src=\"https:\/\/dampffreiheit.de\/blog\/wp-content\/uploads\/2020\/05\/who-wntd-social-posts-post-1c-300x300.jpg\" alt=\"\" width=\"300\" height=\"300\" srcset=\"https:\/\/dampffreiheit.de\/blog\/wp-content\/uploads\/2020\/05\/who-wntd-social-posts-post-1c-300x300.jpg 300w, https:\/\/dampffreiheit.de\/blog\/wp-content\/uploads\/2020\/05\/who-wntd-social-posts-post-1c-1024x1024.jpg 1024w, https:\/\/dampffreiheit.de\/blog\/wp-content\/uploads\/2020\/05\/who-wntd-social-posts-post-1c-150x150.jpg 150w, https:\/\/dampffreiheit.de\/blog\/wp-content\/uploads\/2020\/05\/who-wntd-social-posts-post-1c-768x768.jpg 768w, https:\/\/dampffreiheit.de\/blog\/wp-content\/uploads\/2020\/05\/who-wntd-social-posts-post-1c-830x830.jpg 830w, https:\/\/dampffreiheit.de\/blog\/wp-content\/uploads\/2020\/05\/who-wntd-social-posts-post-1c-230x230.jpg 230w, https:\/\/dampffreiheit.de\/blog\/wp-content\/uploads\/2020\/05\/who-wntd-social-posts-post-1c-350x350.jpg 350w, https:\/\/dampffreiheit.de\/blog\/wp-content\/uploads\/2020\/05\/who-wntd-social-posts-post-1c-480x480.jpg 480w, https:\/\/dampffreiheit.de\/blog\/wp-content\/uploads\/2020\/05\/who-wntd-social-posts-post-1c.jpg 1080w\" sizes=\"auto, (max-width: 300px) 100vw, 300px\" \/><\/a><figcaption id=\"caption-attachment-8758\" class=\"wp-caption-text\">Quelle: <a href=\"https:\/\/web.archive.org\/web\/20200605234634\/https:\/\/www.who.int\/news-room\/campaigns\/world-no-tobacco-day\/world-no-tobacco-day-2020\/social-media-materials\"> WHO Kampagnenseite<\/a><\/figcaption><\/figure><\/td>\n<td style=\"width: 33.3333%; height: 348px;\">\n<p><figure id=\"attachment_8759\" aria-describedby=\"caption-attachment-8759\" style=\"width: 300px\" class=\"wp-caption alignnone\"><a href=\"https:\/\/dampffreiheit.de\/blog\/wp-content\/uploads\/2020\/05\/who-wntd-social-posts-post-1d.jpg\"><img loading=\"lazy\" decoding=\"async\" class=\"wp-image-8759 size-medium\" src=\"https:\/\/dampffreiheit.de\/blog\/wp-content\/uploads\/2020\/05\/who-wntd-social-posts-post-1d-300x300.jpg\" alt=\"\" width=\"300\" height=\"300\" srcset=\"https:\/\/dampffreiheit.de\/blog\/wp-content\/uploads\/2020\/05\/who-wntd-social-posts-post-1d-300x300.jpg 300w, https:\/\/dampffreiheit.de\/blog\/wp-content\/uploads\/2020\/05\/who-wntd-social-posts-post-1d-1024x1024.jpg 1024w, https:\/\/dampffreiheit.de\/blog\/wp-content\/uploads\/2020\/05\/who-wntd-social-posts-post-1d-150x150.jpg 150w, https:\/\/dampffreiheit.de\/blog\/wp-content\/uploads\/2020\/05\/who-wntd-social-posts-post-1d-768x768.jpg 768w, https:\/\/dampffreiheit.de\/blog\/wp-content\/uploads\/2020\/05\/who-wntd-social-posts-post-1d-830x830.jpg 830w, https:\/\/dampffreiheit.de\/blog\/wp-content\/uploads\/2020\/05\/who-wntd-social-posts-post-1d-230x230.jpg 230w, https:\/\/dampffreiheit.de\/blog\/wp-content\/uploads\/2020\/05\/who-wntd-social-posts-post-1d-350x350.jpg 350w, https:\/\/dampffreiheit.de\/blog\/wp-content\/uploads\/2020\/05\/who-wntd-social-posts-post-1d-480x480.jpg 480w, https:\/\/dampffreiheit.de\/blog\/wp-content\/uploads\/2020\/05\/who-wntd-social-posts-post-1d.jpg 1080w\" sizes=\"auto, (max-width: 300px) 100vw, 300px\" \/><\/a><figcaption id=\"caption-attachment-8759\" class=\"wp-caption-text\">Quelle: <a href=\"https:\/\/web.archive.org\/web\/20200605234634\/https:\/\/www.who.int\/news-room\/campaigns\/world-no-tobacco-day\/world-no-tobacco-day-2020\/social-media-materials\"> WHO Kampagnenseite<\/a><\/figcaption><\/figure><\/td>\n<\/tr>\n<tr style=\"height: 348px;\">\n<td style=\"width: 33.3333%; height: 348px;\">\n<p><figure id=\"attachment_8760\" aria-describedby=\"caption-attachment-8760\" style=\"width: 300px\" class=\"wp-caption alignnone\"><a href=\"https:\/\/dampffreiheit.de\/blog\/wp-content\/uploads\/2020\/05\/who-wntd-social-posts-post-1e.jpg\"><img loading=\"lazy\" decoding=\"async\" class=\"wp-image-8760 size-medium\" src=\"https:\/\/dampffreiheit.de\/blog\/wp-content\/uploads\/2020\/05\/who-wntd-social-posts-post-1e-300x300.jpg\" alt=\"\" width=\"300\" height=\"300\" srcset=\"https:\/\/dampffreiheit.de\/blog\/wp-content\/uploads\/2020\/05\/who-wntd-social-posts-post-1e-300x300.jpg 300w, https:\/\/dampffreiheit.de\/blog\/wp-content\/uploads\/2020\/05\/who-wntd-social-posts-post-1e-1024x1024.jpg 1024w, https:\/\/dampffreiheit.de\/blog\/wp-content\/uploads\/2020\/05\/who-wntd-social-posts-post-1e-150x150.jpg 150w, https:\/\/dampffreiheit.de\/blog\/wp-content\/uploads\/2020\/05\/who-wntd-social-posts-post-1e-768x768.jpg 768w, https:\/\/dampffreiheit.de\/blog\/wp-content\/uploads\/2020\/05\/who-wntd-social-posts-post-1e-830x830.jpg 830w, https:\/\/dampffreiheit.de\/blog\/wp-content\/uploads\/2020\/05\/who-wntd-social-posts-post-1e-230x230.jpg 230w, https:\/\/dampffreiheit.de\/blog\/wp-content\/uploads\/2020\/05\/who-wntd-social-posts-post-1e-350x350.jpg 350w, https:\/\/dampffreiheit.de\/blog\/wp-content\/uploads\/2020\/05\/who-wntd-social-posts-post-1e-480x480.jpg 480w, https:\/\/dampffreiheit.de\/blog\/wp-content\/uploads\/2020\/05\/who-wntd-social-posts-post-1e.jpg 1080w\" sizes=\"auto, (max-width: 300px) 100vw, 300px\" \/><\/a><figcaption id=\"caption-attachment-8760\" class=\"wp-caption-text\">Quelle: <a href=\"https:\/\/web.archive.org\/web\/20200605234634\/https:\/\/www.who.int\/news-room\/campaigns\/world-no-tobacco-day\/world-no-tobacco-day-2020\/social-media-materials\"> WHO Kampagnenseite<\/a><\/figcaption><\/figure><\/td>\n<td style=\"width: 33.3333%; height: 348px;\">\n<p><figure id=\"attachment_8761\" aria-describedby=\"caption-attachment-8761\" style=\"width: 300px\" class=\"wp-caption alignnone\"><a href=\"https:\/\/dampffreiheit.de\/blog\/wp-content\/uploads\/2020\/05\/who-wntd-social-posts-post-3.jpg\"><img loading=\"lazy\" decoding=\"async\" class=\"wp-image-8761 size-medium\" src=\"https:\/\/dampffreiheit.de\/blog\/wp-content\/uploads\/2020\/05\/who-wntd-social-posts-post-3-300x300.jpg\" alt=\"\" width=\"300\" height=\"300\" srcset=\"https:\/\/dampffreiheit.de\/blog\/wp-content\/uploads\/2020\/05\/who-wntd-social-posts-post-3-300x300.jpg 300w, https:\/\/dampffreiheit.de\/blog\/wp-content\/uploads\/2020\/05\/who-wntd-social-posts-post-3-1024x1024.jpg 1024w, https:\/\/dampffreiheit.de\/blog\/wp-content\/uploads\/2020\/05\/who-wntd-social-posts-post-3-150x150.jpg 150w, https:\/\/dampffreiheit.de\/blog\/wp-content\/uploads\/2020\/05\/who-wntd-social-posts-post-3-768x768.jpg 768w, https:\/\/dampffreiheit.de\/blog\/wp-content\/uploads\/2020\/05\/who-wntd-social-posts-post-3-830x830.jpg 830w, https:\/\/dampffreiheit.de\/blog\/wp-content\/uploads\/2020\/05\/who-wntd-social-posts-post-3-230x230.jpg 230w, https:\/\/dampffreiheit.de\/blog\/wp-content\/uploads\/2020\/05\/who-wntd-social-posts-post-3-350x350.jpg 350w, https:\/\/dampffreiheit.de\/blog\/wp-content\/uploads\/2020\/05\/who-wntd-social-posts-post-3-480x480.jpg 480w, https:\/\/dampffreiheit.de\/blog\/wp-content\/uploads\/2020\/05\/who-wntd-social-posts-post-3.jpg 1080w\" sizes=\"auto, (max-width: 300px) 100vw, 300px\" \/><\/a><figcaption id=\"caption-attachment-8761\" class=\"wp-caption-text\">Quelle: <a href=\"https:\/\/web.archive.org\/web\/20200605234634\/https:\/\/www.who.int\/news-room\/campaigns\/world-no-tobacco-day\/world-no-tobacco-day-2020\/social-media-materials\"> WHO Kampagnenseite<\/a><\/figcaption><\/figure><\/td>\n<td style=\"width: 33.3333%; height: 348px;\">\n<p><figure id=\"attachment_8763\" aria-describedby=\"caption-attachment-8763\" style=\"width: 300px\" class=\"wp-caption alignnone\"><a href=\"https:\/\/dampffreiheit.de\/blog\/wp-content\/uploads\/2020\/05\/who-wntd-social-posts-post-1b.jpg\"><img loading=\"lazy\" decoding=\"async\" class=\"size-medium wp-image-8763\" src=\"https:\/\/dampffreiheit.de\/blog\/wp-content\/uploads\/2020\/05\/who-wntd-social-posts-post-1b-300x300.jpg\" alt=\"\" width=\"300\" height=\"300\" srcset=\"https:\/\/dampffreiheit.de\/blog\/wp-content\/uploads\/2020\/05\/who-wntd-social-posts-post-1b-300x300.jpg 300w, https:\/\/dampffreiheit.de\/blog\/wp-content\/uploads\/2020\/05\/who-wntd-social-posts-post-1b-1024x1024.jpg 1024w, https:\/\/dampffreiheit.de\/blog\/wp-content\/uploads\/2020\/05\/who-wntd-social-posts-post-1b-150x150.jpg 150w, https:\/\/dampffreiheit.de\/blog\/wp-content\/uploads\/2020\/05\/who-wntd-social-posts-post-1b-768x768.jpg 768w, https:\/\/dampffreiheit.de\/blog\/wp-content\/uploads\/2020\/05\/who-wntd-social-posts-post-1b-830x830.jpg 830w, https:\/\/dampffreiheit.de\/blog\/wp-content\/uploads\/2020\/05\/who-wntd-social-posts-post-1b-230x230.jpg 230w, https:\/\/dampffreiheit.de\/blog\/wp-content\/uploads\/2020\/05\/who-wntd-social-posts-post-1b-350x350.jpg 350w, https:\/\/dampffreiheit.de\/blog\/wp-content\/uploads\/2020\/05\/who-wntd-social-posts-post-1b-480x480.jpg 480w, https:\/\/dampffreiheit.de\/blog\/wp-content\/uploads\/2020\/05\/who-wntd-social-posts-post-1b.jpg 1080w\" sizes=\"auto, (max-width: 300px) 100vw, 300px\" \/><\/a><figcaption id=\"caption-attachment-8763\" class=\"wp-caption-text\">Quelle: <a href=\"https:\/\/web.archive.org\/web\/20200605234634\/https:\/\/www.who.int\/news-room\/campaigns\/world-no-tobacco-day\/world-no-tobacco-day-2020\/social-media-materials\"> WHO Kampagnenseite<\/a><\/figcaption><\/figure><\/td>\n<\/tr>\n<\/tbody>\n<\/table>\n<p>Die Aktivisten im Bereich der Tabakschadensminimierung, welche Tag f\u00fcr Tag darum k\u00e4mpfen, dass die E-Zigarette als das gesehen wird was ist, eine konsumentengetriebene Innovation, welche Menschen beim Rauchstopp hilft, sind zurecht entsetzt. Anbei einige Zitate aus Twitter:<\/p>\n<p>Atakan Befrits (<a href=\"https:\/\/twitter.com\/AtakanBefrits\/status\/1263905119013416960\" target=\"_blank\" rel=\"noopener noreferrer\">Quelle<\/a>):<\/p>\n<blockquote><p><span class=\"css-901oao css-16my406 r-1qd0xha r-ad9z0x r-bcqeeo r-qvutc0\">Anyone with a decent modicum of knowledge on Communications thery, PR and marketing would baulk at this year\u2019s <\/span><span class=\"r-18u37iz\">#WNTD2020<\/span><span class=\"css-901oao css-16my406 r-1qd0xha r-ad9z0x r-bcqeeo r-qvutc0\"> messaging. This is so over the line it\u2019s borderline criminal negligence. This isn\u2019t warning against, this is marketing for, youth nicotine use incl. cigarettes<\/span><\/p>\n<p>Jeder der ein wenig Wissen \u00fcber Kommunikationstheorie, PR und Marketing verf\u00fcgt, w\u00fcrde die H\u00e4nde \u00fcber den Kopf zusammenschlagen bei der diesj\u00e4hrigen Schl\u00fcsselnachricht zum Weltnichtrauchtrag . Dies ist so \u00fcbertrieben, dass es schon an grenz\u00fcberschreitender kriminieller Fahrl\u00e4ssigkeit grenzt. Das ist keine Warnung gegen Nikotinkonsum inkl. Zigaretten, sondern Werbung gerichtet an Kinder.<\/p><\/blockquote>\n<p>Charles A. Gardner (<a href=\"https:\/\/twitter.com\/ChaunceyGardner\/status\/1264228915155021824\" target=\"_blank\" rel=\"noopener noreferrer\">Quelle<\/a>):<\/p>\n<blockquote><p>WHO targets 9 year old girls, raising their curiosity about Vaping Nicotine.<\/p>\n<p>Die WHO zielt auf 9 Jahre altes M\u00e4dchen und weckt deren Neugier zum Dampfen nikotinhaltiger Liquids.<\/p><\/blockquote>\n<p>Grimm Green (<a href=\"https:\/\/twitter.com\/GrimmGreen\/status\/1264687613442588672\" target=\"_blank\" rel=\"noopener noreferrer\">Quelle<\/a>):<\/p>\n<blockquote><p>Sorry, this is just disgusting. @WHO created these pictures. To what? Scare people back to smoking?<\/p>\n<p>Entschuldigung, das ist einfach ekelhaft. Die @WHO hat diese Bilder geschaffen. Zu welchem Zweck? Um die Leute wieder zum Rauchen zu bewegen?<\/p><\/blockquote>\n<p>The Pirate (<a href=\"https:\/\/twitter.com\/SeismicPirate\/status\/1263931232913707011\" target=\"_blank\" rel=\"noopener noreferrer\">Quelle<\/a>):<\/p>\n<blockquote><p>And the @WHO is now directly marketing vaping to children. She looks like she&#8217;s six, FFS. The @WHO is gagging to turn their lies into truth.<\/p>\n<p>Und die WHO vermarktet das Dampfen nun direkt an Kinder. Sie sieht aus wie sechs. Die WHO w\u00fcrgt um ihre L\u00fcgen als Wahrheit zu verkaufen.<\/p><\/blockquote>\n<p>S\u00e9bastien B\u00e9ziau (<a href=\"https:\/\/twitter.com\/SebastienBZ\/status\/1263960911217340418\" target=\"_blank\" rel=\"noopener noreferrer\">Quelle<\/a>):<\/p>\n<blockquote><p>2010 &#8211; 2020 Les anti-tabac ont vraiment un probl\u00e8me avec les enfants. Y\u2019a un psy dans la salle ?<\/p>\n<p>2010 &#8211; 2020 Anti-Raucher haben wirklich ein Problem mit Kindern. Ist ein Psychiater im Raum?<\/p><\/blockquote>\n<p>DampfFreiheit (<a href=\"https:\/\/twitter.com\/DampfFreiheit\/status\/1263545086442381314\" target=\"_blank\" rel=\"noopener noreferrer\">Quelle<\/a>):<\/p>\n<blockquote><p>Die Einzigen, welche immer wieder rauchende oder dampfende Kinder darstellen, ist die Anti-Tabak-Anti-E-Dampf-Lobby (#ANTZ). So kann man auch indirekt Werbung f\u00fcr Tabak- &amp; E-Dampfprodukte gerichtet an Kinder machen.<\/p><\/blockquote>\n<p>Clint (<a href=\"https:\/\/twitter.com\/DarthMods\/status\/1263506564113145857\" target=\"_blank\" rel=\"noopener noreferrer\">Quelle<\/a>):<\/p>\n<blockquote><p>No one advertises to kids better than you TRASH TC orgs. Ecigs have killed ZERO people in 15 years. Look at this ad showing kids do &#8222;oh&#8220; rings. Lifestyle advertise much @WHO<\/p>\n<p>Niemand wirbt besser f\u00fcr Kinder als Sie, TRASH TC orgs. Ezigs haben in 15 Jahren NULL Menschen get\u00f6tet. Sehen Sie sich diese Anzeige an, die zeigt, wie Kinder &#8222;Oh&#8220;-Ringe machen. Die WHO wirbt mit Lifestyle.<\/p><\/blockquote>\n<p>&nbsp;<\/p>\n<p><strong>Weiterf\u00fchrende Informationen<\/strong><\/p>\n<ul>\n<li><strong>[DE] Matzes Dampfer Ecke:<\/strong> <a href=\"https:\/\/web.archive.org\/web\/20221016023440\/https:\/\/matzes-dampferecke.de\/2020\/05\/25\/who-die-macht-der-bilder\/\" target=\"_blank\" rel=\"noopener noreferrer\">WHO \u2013 Die Macht der Bilder<\/a><\/li>\n<li><strong>[DE] Matzes Dampfer Ecke:<\/strong> <a href=\"https:\/\/web.archive.org\/web\/20210726010147\/https:\/\/matzes-dampferecke.de\/2020\/05\/26\/who-laeuft-sich-warm-31-05-ist-stichtag\/\" target=\"_blank\" rel=\"noopener noreferrer\">WHO l\u00e4uft sich warm \u2013 31.05. ist Stichtag<\/a><\/li>\n<li><strong>[FR] Vapolitique:<\/strong> <a href=\"http:\/\/vapolitique.blogspot.com\/2020\/05\/tobaccoexposed-loms-viole-la-convention.html\" target=\"_blank\" rel=\"noopener noreferrer\">#TobaccoExposed : l&#8217;OMS viole la Convention-cadre anti-tabac<\/a><\/li>\n<\/ul>\n<div class=\"shariff shariff-align-center shariff-widget-align-center\"><ul class=\"shariff-buttons theme-grey orientation-horizontal buttonsize-small\"><li class=\"shariff-button mailto shariff-nocustomcolor\" style=\"background-color:#a8a8a8\"><a href=\"mailto:?body=https%3A%2F%2Fdampffreiheit.de%2Fblog%2F2020%2F05%2Fus-who-marketing-an-kinder%2F&subject=%5BUS%5D%20WHO%20%E2%80%93%20Marketing%20an%20Kinder\" title=\"Per E-Mail versenden\" aria-label=\"Per E-Mail versenden\" role=\"button\" rel=\"noopener nofollow\" class=\"shariff-link\" style=\"; background-color:#999; color:#fff\"><span class=\"shariff-icon\" style=\"\"><svg width=\"32px\" height=\"20px\" xmlns=\"http:\/\/www.w3.org\/2000\/svg\" viewBox=\"0 0 32 32\"><path fill=\"#999\" d=\"M32 12.7v14.2q0 1.2-0.8 2t-2 0.9h-26.3q-1.2 0-2-0.9t-0.8-2v-14.2q0.8 0.9 1.8 1.6 6.5 4.4 8.9 6.1 1 0.8 1.6 1.2t1.7 0.9 2 0.4h0.1q0.9 0 2-0.4t1.7-0.9 1.6-1.2q3-2.2 8.9-6.1 1-0.7 1.8-1.6zM32 7.4q0 1.4-0.9 2.7t-2.2 2.2q-6.7 4.7-8.4 5.8-0.2 0.1-0.7 0.5t-1 0.7-0.9 0.6-1.1 0.5-0.9 0.2h-0.1q-0.4 0-0.9-0.2t-1.1-0.5-0.9-0.6-1-0.7-0.7-0.5q-1.6-1.1-4.7-3.2t-3.6-2.6q-1.1-0.7-2.1-2t-1-2.5q0-1.4 0.7-2.3t2.1-0.9h26.3q1.2 0 2 0.8t0.9 2z\"\/><\/svg><\/span><span class=\"shariff-text\">E-Mail<\/span>&nbsp;<\/a><\/li><li class=\"shariff-button mastodon shariff-nocustomcolor\" style=\"background-color:#563ACC\"><a href=\"https:\/\/s2f.kytta.dev\/?text=%5BUS%5D%20WHO%20%E2%80%93%20Marketing%20an%20Kinder https%3A%2F%2Fdampffreiheit.de%2Fblog%2F2020%2F05%2Fus-who-marketing-an-kinder%2F\" title=\"Bei Mastodon teilen\" aria-label=\"Bei Mastodon teilen\" role=\"button\" rel=\"noopener nofollow\" class=\"shariff-link\" style=\"; background-color:#6364FF; color:#fff\" target=\"_blank\"><span class=\"shariff-icon\" style=\"\"><svg width=\"75\" height=\"79\" viewBox=\"0 0 75 79\" fill=\"none\" xmlns=\"http:\/\/www.w3.org\/2000\/svg\"><path d=\"M37.813-.025C32.462-.058 27.114.13 21.79.598c-8.544.621-17.214 5.58-20.203 13.931C-1.12 23.318.408 32.622.465 41.65c.375 7.316.943 14.78 3.392 21.73 4.365 9.465 14.781 14.537 24.782 15.385 7.64.698 15.761-.213 22.517-4.026a54.1 54.1 0 0 0 .01-6.232c-6.855 1.316-14.101 2.609-21.049 1.074-3.883-.88-6.876-4.237-7.25-8.215-1.53-3.988 3.78-.43 5.584-.883 9.048 1.224 18.282.776 27.303-.462 7.044-.837 14.26-4.788 16.65-11.833 2.263-6.135 1.215-12.79 1.698-19.177.06-3.84.09-7.692-.262-11.52C72.596 7.844 63.223.981 53.834.684a219.453 219.453 0 0 0-16.022-.71zm11.294 12.882c5.5-.067 10.801 4.143 11.67 9.653.338 1.48.471 3 .471 4.515v21.088h-8.357c-.07-7.588.153-15.182-.131-22.765-.587-4.368-7.04-5.747-9.672-2.397-2.422 3.04-1.47 7.155-1.67 10.735v6.392h-8.307c-.146-4.996.359-10.045-.404-15.002-1.108-4.218-7.809-5.565-10.094-1.666-1.685 3.046-.712 6.634-.976 9.936v14.767h-8.354c.109-8.165-.238-16.344.215-24.5.674-5.346 5.095-10.389 10.676-10.627 4.902-.739 10.103 2.038 12.053 6.631.375 1.435 1.76 1.932 1.994.084 1.844-3.704 5.501-6.739 9.785-6.771.367-.044.735-.068 1.101-.073z\"\/><defs><linearGradient id=\"paint0_linear_549_34\" x1=\"37.0692\" y1=\"0\" x2=\"37.0692\" y2=\"79\" gradientUnits=\"userSpaceOnUse\"><stop stop-color=\"#6364FF\"\/><stop offset=\"1\" stop-color=\"#563ACC\"\/><\/linearGradient><\/defs><\/svg><\/span><span class=\"shariff-text\">teilen<\/span>&nbsp;<\/a><\/li><li class=\"shariff-button twitter shariff-nocustomcolor\" style=\"background-color:#595959\"><a href=\"https:\/\/twitter.com\/share?url=https%3A%2F%2Fdampffreiheit.de%2Fblog%2F2020%2F05%2Fus-who-marketing-an-kinder%2F&text=%5BUS%5D%20WHO%20%E2%80%93%20Marketing%20an%20Kinder&via=DampfFreiheit\" title=\"Bei X teilen\" aria-label=\"Bei X teilen\" role=\"button\" rel=\"noopener nofollow\" class=\"shariff-link\" style=\"; background-color:#000; color:#fff\" target=\"_blank\"><span class=\"shariff-icon\" style=\"\"><svg width=\"32px\" height=\"20px\" xmlns=\"http:\/\/www.w3.org\/2000\/svg\" viewBox=\"0 0 24 24\"><path fill=\"#000\" d=\"M14.258 10.152L23.176 0h-2.113l-7.747 8.813L7.133 0H0l9.352 13.328L0 23.973h2.113l8.176-9.309 6.531 9.309h7.133zm-2.895 3.293l-.949-1.328L2.875 1.56h3.246l6.086 8.523.945 1.328 7.91 11.078h-3.246zm0 0\"\/><\/svg><\/span><span class=\"shariff-text\">teilen<\/span>&nbsp;<\/a><\/li><li class=\"shariff-button telegram shariff-nocustomcolor\" style=\"background-color:#4084A6\"><a href=\"https:\/\/telegram.me\/share\/url?url=https%3A%2F%2Fdampffreiheit.de%2Fblog%2F2020%2F05%2Fus-who-marketing-an-kinder%2F&text=%5BUS%5D%20WHO%20%E2%80%93%20Marketing%20an%20Kinder\" title=\"Bei Telegram teilen\" aria-label=\"Bei Telegram teilen\" role=\"button\" rel=\"noopener nofollow\" class=\"shariff-link\" style=\"; background-color:#0088cc; color:#fff\" target=\"_blank\"><span class=\"shariff-icon\" style=\"\"><svg width=\"32px\" height=\"20px\" xmlns=\"http:\/\/www.w3.org\/2000\/svg\" viewBox=\"0 0 32 32\"><path fill=\"#0088cc\" d=\"M30.8 6.5l-4.5 21.4c-.3 1.5-1.2 1.9-2.5 1.2L16.9 24l-3.3 3.2c-.4.4-.7.7-1.4.7l.5-7L25.5 9.2c.6-.5-.1-.8-.9-.3l-15.8 10L2 16.7c-1.5-.5-1.5-1.5.3-2.2L28.9 4.3c1.3-.5 2.3.3 1.9 2.2z\"\/><\/svg><\/span><span class=\"shariff-text\">teilen<\/span>&nbsp;<\/a><\/li><li class=\"shariff-button diaspora shariff-nocustomcolor\" style=\"background-color:#b3b3b3\"><a href=\"https:\/\/share.diasporafoundation.org\/?url=https%3A%2F%2Fdampffreiheit.de%2Fblog%2F2020%2F05%2Fus-who-marketing-an-kinder%2F&title=%5BUS%5D%20WHO%20%E2%80%93%20Marketing%20an%20Kinder\" title=\"Bei diaspora* teilen\" aria-label=\"Bei diaspora* teilen\" role=\"button\" rel=\"noopener nofollow\" class=\"shariff-link\" style=\"; background-color:#999; color:#fff\" target=\"_blank\"><span class=\"shariff-icon\" style=\"\"><svg width=\"32px\" height=\"20px\" xmlns=\"http:\/\/www.w3.org\/2000\/svg\" viewBox=\"0 0 33 32\"><path fill=\"#999\" d=\"M20.6 28.2c-0.8-1.2-2.1-2.9-2.9-4-0.8-1.1-1.4-1.9-1.4-1.9s-1.2 1.6-2.8 3.8c-1.5 2.1-2.8 3.8-2.8 3.8 0 0-5.5-3.9-5.5-3.9 0 0 1.2-1.8 2.8-4s2.8-4 2.8-4.1c0-0.1-0.5-0.2-4.4-1.5-2.4-0.8-4.4-1.5-4.4-1.5 0 0 0.2-0.8 1-3.2 0.6-1.8 1-3.2 1.1-3.3s2.1 0.6 4.6 1.5c2.5 0.8 4.6 1.5 4.6 1.5s0.1 0 0.1-0.1c0 0 0-2.2 0-4.8s0-4.7 0.1-4.7c0 0 0.7 0 3.3 0 1.8 0 3.3 0 3.4 0 0 0 0.1 1.4 0.2 4.6 0.1 5.2 0.1 5.3 0.2 5.3 0 0 2-0.7 4.5-1.5s4.4-1.5 4.4-1.5c0 0.1 2 6.5 2 6.5 0 0-2 0.7-4.5 1.5-3.4 1.1-4.5 1.5-4.5 1.6 0 0 1.2 1.8 2.6 3.9 1.5 2.1 2.6 3.9 2.6 3.9 0 0-5.4 4-5.5 4 0 0-0.7-0.9-1.5-2.1z\"\/><\/svg><\/span><span class=\"shariff-text\">teilen<\/span>&nbsp;<\/a><\/li><li class=\"shariff-button facebook shariff-nocustomcolor\" style=\"background-color:#4273c8\"><a href=\"https:\/\/www.facebook.com\/sharer\/sharer.php?u=https%3A%2F%2Fdampffreiheit.de%2Fblog%2F2020%2F05%2Fus-who-marketing-an-kinder%2F\" title=\"Bei Facebook teilen\" aria-label=\"Bei Facebook teilen\" role=\"button\" rel=\"nofollow\" class=\"shariff-link\" style=\"; background-color:#3b5998; color:#fff\" target=\"_blank\"><span class=\"shariff-icon\" style=\"\"><svg width=\"32px\" height=\"20px\" xmlns=\"http:\/\/www.w3.org\/2000\/svg\" viewBox=\"0 0 18 32\"><path fill=\"#3b5998\" d=\"M17.1 0.2v4.7h-2.8q-1.5 0-2.1 0.6t-0.5 1.9v3.4h5.2l-0.7 5.3h-4.5v13.6h-5.5v-13.6h-4.5v-5.3h4.5v-3.9q0-3.3 1.9-5.2t5-1.8q2.6 0 4.1 0.2z\"\/><\/svg><\/span><span class=\"shariff-text\">teilen<\/span>&nbsp;<\/a><\/li><li class=\"shariff-button threema shariff-nocustomcolor shariff-mobile\" style=\"background-color:#4fbc24\"><a href=\"threema:\/\/compose?text=%5BUS%5D%20WHO%20%E2%80%93%20Marketing%20an%20Kinder%20https%3A%2F%2Fdampffreiheit.de%2Fblog%2F2020%2F05%2Fus-who-marketing-an-kinder%2F\" title=\"Bei Threema teilen\" aria-label=\"Bei Threema teilen\" role=\"button\" rel=\"noopener nofollow\" class=\"shariff-link\" style=\"; background-color:#1f1f1f; color:#fff\" target=\"_blank\"><span class=\"shariff-icon\" style=\"\"><svg width=\"32px\" height=\"20px\" xmlns=\"http:\/\/www.w3.org\/2000\/svg\" viewBox=\"0 0 32 32\"><path fill=\"#1f1f1f\" d=\"M30.8 10.9c-0.3-1.4-0.9-2.6-1.8-3.8-2-2.6-5.5-4.5-9.4-5.2-1.3-0.2-1.9-0.3-3.5-0.3s-2.2 0-3.5 0.3c-4 0.7-7.4 2.6-9.4 5.2-0.9 1.2-1.5 2.4-1.8 3.8-0.1 0.5-0.2 1.2-0.2 1.6 0 0.4 0.1 1.1 0.2 1.6 0.4 1.9 1.3 3.4 2.9 5 0.8 0.8 0.8 0.8 0.7 1.3 0 0.6-0.5 1.6-1.7 3.6-0.3 0.5-0.5 0.9-0.5 0.9 0 0.1 0.1 0.1 0.5 0 0.8-0.2 2.3-0.6 5.6-1.6 1.1-0.3 1.3-0.4 2.3-0.4 0.8 0 1.1 0 2.3 0.2 1.5 0.2 3.5 0.2 4.9 0 5.1-0.6 9.3-2.9 11.4-6.3 0.5-0.9 0.9-1.8 1.1-2.8 0.1-0.5 0.2-1.1 0.2-1.6 0-0.7-0.1-1.1-0.2-1.6-0.3-1.4 0.1 0.5 0 0zM20.6 17.3c0 0.4-0.4 0.8-0.8 0.8h-7.7c-0.4 0-0.8-0.4-0.8-0.8v-4.6c0-0.4 0.4-0.8 0.8-0.8h0.2l0-1.6c0-0.9 0-1.8 0.1-2 0.1-0.6 0.6-1.2 1.1-1.7s1.1-0.7 1.9-0.8c1.8-0.3 3.7 0.7 4.2 2.2 0.1 0.3 0.1 0.7 0.1 2.1v0 1.7h0.1c0.4 0 0.8 0.4 0.8 0.8v4.6zM15.6 7.3c-0.5 0.1-0.8 0.3-1.2 0.6s-0.6 0.8-0.7 1.3c0 0.2 0 0.8 0 1.5l0 1.2h4.6v-1.3c0-1 0-1.4-0.1-1.6-0.3-1.1-1.5-1.9-2.6-1.7zM25.8 28.2c0 1.2-1 2.2-2.1 2.2s-2.1-1-2.1-2.1c0-1.2 1-2.1 2.2-2.1s2.2 1 2.2 2.2zM18.1 28.2c0 1.2-1 2.2-2.1 2.2s-2.1-1-2.1-2.1c0-1.2 1-2.1 2.2-2.1s2.2 1 2.2 2.2zM10.4 28.2c0 1.2-1 2.2-2.1 2.2s-2.1-1-2.1-2.1c0-1.2 1-2.1 2.2-2.1s2.2 1 2.2 2.2z\"\/><\/svg><\/span><span class=\"shariff-text\">teilen<\/span>&nbsp;<\/a><\/li><li class=\"shariff-button tumblr shariff-nocustomcolor\" style=\"background-color:#529ecc\"><a href=\"https:\/\/www.tumblr.com\/widgets\/share\/tool?posttype=link&canonicalUrl=https%3A%2F%2Fdampffreiheit.de%2Fblog%2F2020%2F05%2Fus-who-marketing-an-kinder%2F&tags=dampffreiheit.de\" title=\"Bei tumblr teilen\" aria-label=\"Bei tumblr teilen\" role=\"button\" rel=\"noopener nofollow\" class=\"shariff-link\" style=\"; background-color:#36465d; color:#fff\" target=\"_blank\"><span class=\"shariff-icon\" style=\"\"><svg width=\"32px\" height=\"20px\" xmlns=\"http:\/\/www.w3.org\/2000\/svg\" viewBox=\"0 0 32 32\"><path fill=\"#36465d\" d=\"M18 14l0 7.3c0 1.9 0 2.9 0.2 3.5 0.2 0.5 0.7 1.1 1.2 1.4 0.7 0.4 1.5 0.6 2.4 0.6 1.6 0 2.6-0.2 4.2-1.3v4.8c-1.4 0.6-2.6 1-3.7 1.3-1.1 0.3-2.3 0.4-3.6 0.4-1.5 0-2.3-0.2-3.4-0.6-1.1-0.4-2.1-0.9-2.9-1.6-0.8-0.7-1.3-1.4-1.7-2.2s-0.5-1.9-0.5-3.4v-11.2h-4.3v-4.5c1.3-0.4 2.7-1 3.6-1.8 0.9-0.8 1.6-1.7 2.2-2.7 0.5-1.1 0.9-2.4 1.1-4.1h5.2l0 8h8v6h-8z\"\/><\/svg><\/span><span class=\"shariff-text\">teilen<\/span>&nbsp;<\/a><\/li><li class=\"shariff-button reddit shariff-nocustomcolor\" style=\"background-color:#ff5700\"><a href=\"https:\/\/www.reddit.com\/submit?url=https%3A%2F%2Fdampffreiheit.de%2Fblog%2F2020%2F05%2Fus-who-marketing-an-kinder%2F\" title=\"Bei Reddit teilen\" aria-label=\"Bei Reddit teilen\" role=\"button\" rel=\"noopener nofollow\" class=\"shariff-link\" style=\"; background-color:#ff4500; color:#fff\" target=\"_blank\"><span class=\"shariff-icon\" style=\"\"><svg xmlns=\"http:\/\/www.w3.org\/2000\/svg\" viewBox=\"0 0 512 512\"><path fill=\"#ff4500\" d=\"M440.3 203.5c-15 0-28.2 6.2-37.9 15.9-35.7-24.7-83.8-40.6-137.1-42.3L293 52.3l88.2 19.8c0 21.6 17.6 39.2 39.2 39.2 22 0 39.7-18.1 39.7-39.7s-17.6-39.7-39.7-39.7c-15.4 0-28.7 9.3-35.3 22l-97.4-21.6c-4.9-1.3-9.7 2.2-11 7.1L246.3 177c-52.9 2.2-100.5 18.1-136.3 42.8-9.7-10.1-23.4-16.3-38.4-16.3-55.6 0-73.8 74.6-22.9 100.1-1.8 7.9-2.6 16.3-2.6 24.7 0 83.8 94.4 151.7 210.3 151.7 116.4 0 210.8-67.9 210.8-151.7 0-8.4-.9-17.2-3.1-25.1 49.9-25.6 31.5-99.7-23.8-99.7zM129.4 308.9c0-22 17.6-39.7 39.7-39.7 21.6 0 39.2 17.6 39.2 39.7 0 21.6-17.6 39.2-39.2 39.2-22 .1-39.7-17.6-39.7-39.2zm214.3 93.5c-36.4 36.4-139.1 36.4-175.5 0-4-3.5-4-9.7 0-13.7 3.5-3.5 9.7-3.5 13.2 0 27.8 28.5 120 29 149 0 3.5-3.5 9.7-3.5 13.2 0 4.1 4 4.1 10.2.1 13.7zm-.8-54.2c-21.6 0-39.2-17.6-39.2-39.2 0-22 17.6-39.7 39.2-39.7 22 0 39.7 17.6 39.7 39.7-.1 21.5-17.7 39.2-39.7 39.2z\"\/><\/svg><\/span><span class=\"shariff-text\">teilen<\/span>&nbsp;<\/a><\/li><li class=\"shariff-button whatsapp shariff-nocustomcolor\" style=\"background-color:#5cbe4a\"><a href=\"https:\/\/api.whatsapp.com\/send?text=https%3A%2F%2Fdampffreiheit.de%2Fblog%2F2020%2F05%2Fus-who-marketing-an-kinder%2F%20%5BUS%5D%20WHO%20%E2%80%93%20Marketing%20an%20Kinder\" title=\"Bei Whatsapp teilen\" aria-label=\"Bei Whatsapp teilen\" role=\"button\" rel=\"noopener nofollow\" class=\"shariff-link\" style=\"; background-color:#34af23; color:#fff\" target=\"_blank\"><span class=\"shariff-icon\" style=\"\"><svg width=\"32px\" height=\"20px\" xmlns=\"http:\/\/www.w3.org\/2000\/svg\" viewBox=\"0 0 32 32\"><path fill=\"#34af23\" d=\"M17.6 17.4q0.2 0 1.7 0.8t1.6 0.9q0 0.1 0 0.3 0 0.6-0.3 1.4-0.3 0.7-1.3 1.2t-1.8 0.5q-1 0-3.4-1.1-1.7-0.8-3-2.1t-2.6-3.3q-1.3-1.9-1.3-3.5v-0.1q0.1-1.6 1.3-2.8 0.4-0.4 0.9-0.4 0.1 0 0.3 0t0.3 0q0.3 0 0.5 0.1t0.3 0.5q0.1 0.4 0.6 1.6t0.4 1.3q0 0.4-0.6 1t-0.6 0.8q0 0.1 0.1 0.3 0.6 1.3 1.8 2.4 1 0.9 2.7 1.8 0.2 0.1 0.4 0.1 0.3 0 1-0.9t0.9-0.9zM14 26.9q2.3 0 4.3-0.9t3.6-2.4 2.4-3.6 0.9-4.3-0.9-4.3-2.4-3.6-3.6-2.4-4.3-0.9-4.3 0.9-3.6 2.4-2.4 3.6-0.9 4.3q0 3.6 2.1 6.6l-1.4 4.2 4.3-1.4q2.8 1.9 6.2 1.9zM14 2.2q2.7 0 5.2 1.1t4.3 2.9 2.9 4.3 1.1 5.2-1.1 5.2-2.9 4.3-4.3 2.9-5.2 1.1q-3.5 0-6.5-1.7l-7.4 2.4 2.4-7.2q-1.9-3.2-1.9-6.9 0-2.7 1.1-5.2t2.9-4.3 4.3-2.9 5.2-1.1z\"\/><\/svg><\/span><span class=\"shariff-text\">teilen<\/span>&nbsp;<\/a><\/li><li class=\"shariff-button info shariff-nocustomcolor\" style=\"background-color:#a8a8a8\"><a href=\"http:\/\/ct.de\/-2467514\" title=\"Weitere Informationen\" aria-label=\"Weitere Informationen\" role=\"button\" rel=\"noopener \" class=\"shariff-link\" style=\"; background-color:#999; color:#fff\" target=\"_blank\"><span class=\"shariff-icon\" style=\"\"><svg width=\"32px\" height=\"20px\" xmlns=\"http:\/\/www.w3.org\/2000\/svg\" viewBox=\"0 0 11 32\"><path fill=\"#999\" d=\"M11.4 24v2.3q0 0.5-0.3 0.8t-0.8 0.4h-9.1q-0.5 0-0.8-0.4t-0.4-0.8v-2.3q0-0.5 0.4-0.8t0.8-0.4h1.1v-6.8h-1.1q-0.5 0-0.8-0.4t-0.4-0.8v-2.3q0-0.5 0.4-0.8t0.8-0.4h6.8q0.5 0 0.8 0.4t0.4 0.8v10.3h1.1q0.5 0 0.8 0.4t0.3 0.8zM9.2 3.4v3.4q0 0.5-0.4 0.8t-0.8 0.4h-4.6q-0.4 0-0.8-0.4t-0.4-0.8v-3.4q0-0.4 0.4-0.8t0.8-0.4h4.6q0.5 0 0.8 0.4t0.4 0.8z\"\/><\/svg><\/span><\/a><\/li><\/ul><\/div>","protected":false},"excerpt":{"rendered":"<p>Wie in einem vorangegangen Beitrag geschrieben,\u00a0[US] WHO \u2013 Ideologie vor Verstand , hat sich die WHO zu dem diesj\u00e4hrigen Weltnichtrauchertag auch die schadensminimierende Alternative, die E-Zigarette, als neuen Feind vorgenommen.<\/p>\n","protected":false},"author":1,"featured_media":8767,"comment_status":"open","ping_status":"open","sticky":false,"template":"","format":"standard","meta":{"_sitemap_exclude":false,"_sitemap_priority":"","_sitemap_frequency":"","footnotes":""},"categories":[54,1427],"tags":[22,246,888,1491,119,1539,321,118],"class_list":["post-8756","post","type-post","status-publish","format-standard","has-post-thumbnail","hentry","category-blog","category-wissenschaftundgesundheit","tag-e-zigarette","tag-jugendliche","tag-kinder","tag-marketing","tag-weltnichtrauchertag","tag-weltnichtrauchertag-2020","tag-werbung","tag-who"],"_links":{"self":[{"href":"https:\/\/dampffreiheit.de\/blog\/wp-json\/wp\/v2\/posts\/8756","targetHints":{"allow":["GET"]}}],"collection":[{"href":"https:\/\/dampffreiheit.de\/blog\/wp-json\/wp\/v2\/posts"}],"about":[{"href":"https:\/\/dampffreiheit.de\/blog\/wp-json\/wp\/v2\/types\/post"}],"author":[{"embeddable":true,"href":"https:\/\/dampffreiheit.de\/blog\/wp-json\/wp\/v2\/users\/1"}],"replies":[{"embeddable":true,"href":"https:\/\/dampffreiheit.de\/blog\/wp-json\/wp\/v2\/comments?post=8756"}],"version-history":[{"count":0,"href":"https:\/\/dampffreiheit.de\/blog\/wp-json\/wp\/v2\/posts\/8756\/revisions"}],"wp:featuredmedia":[{"embeddable":true,"href":"https:\/\/dampffreiheit.de\/blog\/wp-json\/wp\/v2\/media\/8767"}],"wp:attachment":[{"href":"https:\/\/dampffreiheit.de\/blog\/wp-json\/wp\/v2\/media?parent=8756"}],"wp:term":[{"taxonomy":"category","embeddable":true,"href":"https:\/\/dampffreiheit.de\/blog\/wp-json\/wp\/v2\/categories?post=8756"},{"taxonomy":"post_tag","embeddable":true,"href":"https:\/\/dampffreiheit.de\/blog\/wp-json\/wp\/v2\/tags?post=8756"}],"curies":[{"name":"wp","href":"https:\/\/api.w.org\/{rel}","templated":true}]}}