{"id":8566,"date":"2020-03-26T16:44:58","date_gmt":"2020-03-26T15:44:58","guid":{"rendered":"https:\/\/ch-lippmann.de\/blog\/dampffreiheit\/?p=8566"},"modified":"2024-12-06T09:42:31","modified_gmt":"2024-12-06T08:42:31","slug":"de-ig-exr-dampfen-sars-cov-2-und-covid-19","status":"publish","type":"post","link":"https:\/\/dampffreiheit.de\/blog\/2020\/03\/de-ig-exr-dampfen-sars-cov-2-und-covid-19\/","title":{"rendered":"[DE] IG-ExR &#8211; Dampfen, SARS-CoV-2 und COVID-19"},"content":{"rendered":"<p>Die Interessengemeinschaft ExRaucher (IG-ExR) hat das Dokument <em><strong>&#8222;<a href=\"https:\/\/dampffreiheit.de\/blog\/wp-content\/uploads\/2020\/03\/20200326_Vapeo-COVID-English-V3.pdf\" target=\"_blank\" rel=\"noopener noreferrer\">VAPING AND SARS-CoV-2 AND COVID-19 TECHNICAL INFORMATION FOR VAPERS<\/a>&#8222;<\/strong><\/em>\u00a0 von Prof. Roberto Sussman und Prof. Carmen Escrig zum Thema Dampfen und COVID-19 <a href=\"https:\/\/ig.exraucher.org\/2020\/03\/25\/dampfen-sars-cov-2-und-covid-19\/\" target=\"_blank\" rel=\"noopener noreferrer\"><strong>\u00fcbersetzt<\/strong><\/a>.<!--more-->Mit der freundlichen Genehmigung der IG-ExR darf ich diesen Beitrag auch auf meinem Blog ver\u00f6ffentlichen.<\/p>\n\n<h2>DAMPFEN UND SARS-CoV-2 UND COVID-19<br \/>\nTECHNISCHE INFORMATIONEN F\u00dcR DAMPFER<\/h2>\n<p><strong>Von Roberto Sussman* and Carmen Escrig **<\/strong><\/p>\n<p>* Institute for Nuclear Sciences, National University of M\u00e9xico UNAM. Physics PhD. Director of Pro-Vapeo M\u00e9xico AC<br \/>\n** Universidad Aut\u00f3noma de Madrid, Spain. Biology PhD specialized in Virology. Coordinator of the Medical Platform for Tobacco Harm Reduction in Spain.<\/p>\n<h3>Zusammenfassung:<\/h3>\n<h4>WARUM DIESES DOKUMENT?<\/h4>\n<p>Die Ausbreitung der SARS-CoV-2-Pandemie bietet einen fruchtbaren Boden f\u00fcr die Verbreitung von Fehlinformationen zum Dampfen. Dampfer m\u00fcssen mit soliden Informationen und Daten ausgestattet sein, um \u00fcber Gegenargumente zu verf\u00fcgen.<\/p>\n<h4>BEIM RAUCHEN.<\/h4>\n<p>Der Zusammenhang zwischen Rauchen und dem Fortschreiten schwerer COVID-19-Erkrankungen ist noch ungewiss, obwohl identifizierte Anf\u00e4lligkeitsbedingungen f\u00fcr dieses Fortschreiten (Herz-Kreislauf- und Atemwegserkrankungen, Diabetes) bei \u00fcberwiegend \u00e4lteren Patienten stark mit langfristigen Sch\u00e4den durch Rauchen korrelieren.<\/p>\n<h4>BEIM DAMPFEN.<\/h4>\n<p>Es gibt keine Hinweise darauf, dass das Dampfen (intrinsisch) das Risiko einer Infektion oder eines Fortschreitens zu einem schweren COVID-19-Zustand erh\u00f6ht. Bei der Bewertung der Risiken von Dampfern ist zu ber\u00fccksichtigen, dass die meisten Ex-Raucher oder noch Raucher sind. Dampfer mit einer langen Vorgeschichte des Rauchens k\u00f6nnen Zust\u00e4nde aufweisen, die bei schutzbed\u00fcrftigen Patienten auftreten. Dies w\u00e4re jedoch kein Effekt des Dampfens, sondern des vorherigen Rauchens. Da ein vollst\u00e4ndiger Wechsel vom Rauchen zum Dampfen die Herz-Kreislauf- und Atemwegserkrankungen verbessert, wird von Rauchern, die zum Dampfen wechseln, eine bessere Prognose erwartet, wenn sie mit SARS-CoV-2 infiziert sind<\/p>\n<h4>PROPYLENGLYCOL (PG) ALS DESINFEKTIONSMITTEL.<\/h4>\n<p>Aufgrund seiner hygroskopischen Natur kann PG-Dampf (keine Tr\u00f6pfchen) unter bestimmten physikalischen Bedingungen als Desinfektionsmittel f\u00fcr die Umwelt wirken und Krankheitserreger ausl\u00f6schen. Es gibt jedoch keine Hinweise darauf, ob dieser Effekt auf SARS-CoV-2 und im Zusammenhang mit dem Dampfen wirkt.<\/p>\n<h4>DAMPF IN DER UMGEBUNG.<\/h4>\n<p>W\u00e4hrend es keine gemeldeten und \u00fcberpr\u00fcften F\u00e4lle von Ansteckung gibt, sind die Speicheltr\u00f6pfchen, die das SARS-CoV-2-Virus tragen, viel schwerer als die sich schnell bewegenden fl\u00fcchtigen Tr\u00f6pfchen ausgeatmetem Dampfes. Daher verbreitet Dampf, der von einem infizierten Vaper ausgeatmet wird, wahrscheinlich so viele Viren wie bei normaler Atmung in der pers\u00f6nlichen Atemzone, weit weniger und weit n\u00e4her als die Ausbreitung durch Niesen oder Husten.<\/p>\n<h4>EMPFEHLUNGEN.<\/h4>\n<p>Die Vorsichtsma\u00dfnahmen zur Verhinderung der Ansteckung durch Viren, die durch E-Zigaretten-D\u00e4mpfe \u00fcbertragen werden, sind die gleichen \u201esozialen Distanzierungsma\u00dfnahmen\u201c, die der gesamten Bev\u00f6lkerung empfohlen werden, auch Nicht-Dampfern: Vermeiden Sie physischen Kontakt und die N\u00e4he zu anderen. Speziell f\u00fcr Dampfer: Dampfen Sie mit Ger\u00e4ten geringer Leistung. Vermeiden Sie das Dampfen in \u00f6ffentlichen Innenr\u00e4umen und sorgen Sie daf\u00fcr in Au\u00dfenbereichen, dass Sie mindestens 2 m von anderen entfernt sind.<\/p>\n<h3>Die Pandemie der Fehlinformationen.<\/h3>\n<p>Leider folgt die Ausbreitung der SARS-CoV-2-Pandemie der jahrelang andauernden Pandemie schwerwiegender Fehlinformationen \u00fcber das Dampfen. Eine der Hauptursachen dieser Fehlinformation ist zweifellos Professor Stanton Glantz von der University of California in San Francisco. In seinem professionellen Blog <span id='easy-footnote-1-8566' class='easy-footnote-margin-adjust'><\/span><span class='easy-footnote'><a href='https:\/\/dampffreiheit.de\/blog\/2020\/03\/de-ig-exr-dampfen-sars-cov-2-und-covid-19\/#easy-footnote-bottom-1-8566' title='S.A. Glantz, Reduce your risk of serious lung disease caused by corona virus by quitting smoking and vaping. &lt;a href=&quot;https:\/\/tobacco.ucsf.edu\/reduce-your-risk-serious-lung-disease-caused-corona-virus-quitting-smoking-and-vaping&quot; target=&quot;_blank&quot; rel=&quot;noopener noreferrer&quot;&gt;https:\/\/tobacco.ucsf.edu\/reduce-your-risk-serious-lung-disease-caused-corona-virus-quitting-smoking-and-vaping&lt;\/a&gt;'><sup>1<\/sup><\/a><\/span> stellt Professor Glantz Dampfen und Rauchen als ernsthafte Risikofaktoren f\u00fcr das Fortschreiten von COVID-19 gleich. Insbesondere begr\u00fcndet Glantz diese Einsch\u00e4tzung wie folgt:<\/p>\n<blockquote><p>In der k\u00fcrzlich erschienenen hervorragenden Zusammenfassung der Erkenntnisse \u00fcber die pulmonalen Auswirkungen von E-Zigaretten wurde \u00fcber mehrere M\u00f6glichkeiten berichtet, wie E-Zigaretten die F\u00e4higkeit der Lunge zur Bek\u00e4mpfung von Infektionen beeintr\u00e4chtigen:<\/p><\/blockquote>\n<p>eine Erkl\u00e4rung, gefolgt von einer Auflistung einer Litanei von unerw\u00fcnschten Wirkungen des Dampfens auf Atemwegsinfektionen, die alle aus Studien stammen, die in der \u00dcbersicht von Gotts et al. <span id='easy-footnote-2-8566' class='easy-footnote-margin-adjust'><\/span><span class='easy-footnote'><a href='https:\/\/dampffreiheit.de\/blog\/2020\/03\/de-ig-exr-dampfen-sars-cov-2-und-covid-19\/#easy-footnote-bottom-2-8566' title='J.E. Gotts et al. What are the respiratory effects of e-cigarettes? BMJ 2019;366:l5275. doi: &lt;a href=&quot;https:\/\/doi.org\/10.1136\/bmj.l5275&quot; target=&quot;_blank&quot; rel=&quot;noopener noreferrer&quot;&gt;https:\/\/doi.org\/10.1136\/bmj.l5275&lt;\/a&gt; '><sup>2<\/sup><\/a><\/span> untersucht wurden (die &#8222;ausgezeichnete Zusammenfassung&#8220;). Die popul\u00e4re Zeitschrift Scientific American <span id='easy-footnote-3-8566' class='easy-footnote-margin-adjust'><\/span><span class='easy-footnote'><a href='https:\/\/dampffreiheit.de\/blog\/2020\/03\/de-ig-exr-dampfen-sars-cov-2-und-covid-19\/#easy-footnote-bottom-3-8566' title='Tanya Lewis. Smoking or Vaping May Increase the Risk of Severe Coronavirus Infection. Scientific American. 17 March. &lt;a href=&quot;https:\/\/www.scientificamerican.com\/article\/smoking-or-vaping-may-increase-the-risk-of-a-severe-coronavirus-infection1\/&quot; target=&quot;_blank&quot; rel=&quot;noopener noreferrer&quot;&gt;https:\/\/www.scientificamerican.com\/article\/smoking-or-vaping-may-increase-the-risk-of-a-severe-coronavirus-infection1\/&lt;\/a&gt; '><sup>3<\/sup><\/a><\/span> erkennt zwar an, dass das Risiko von Dampfern f\u00fcr Virusinfektionen wenig untersucht wurde, hat aber Glantz zitiert und auch einige der von Gotts et al. berichteten Ergebnisse wiedergegeben.<\/p>\n<p>Die \u00dcbersicht von Gotts et al., welche Glantz und Scientific American als Quelle heranziehen, ist \u00e4u\u00dferst oberfl\u00e4chlich, voreingenommen und selektiv. Sie zitierte unkritisch nur Studien, in denen Nebenwirkungen berichtet wurden, bei denen es sich entweder um akute Wirkungen ohne klinische Relevanz oder um Querschnittsstudien handelt, die auf kleinen Gruppen von Dampfern beruhe, bei denen die enorme beeinflussende Wirkung der fr\u00fcheren Raucheranamnese nicht richtig gehandhabt wurde (siehe eine Kritik solcher Studien in einer viel ausgewogeneren und umfassenderen \u00dcbersicht \u00fcber die Auswirkungen des Dampfens auf die Atemwege <span id='easy-footnote-4-8566' class='easy-footnote-margin-adjust'><\/span><span class='easy-footnote'><a href='https:\/\/dampffreiheit.de\/blog\/2020\/03\/de-ig-exr-dampfen-sars-cov-2-und-covid-19\/#easy-footnote-bottom-4-8566' title='Polosa R, O\u2019Leary R, Tashkin D, Emma R &amp;amp; Caruso M (2019) The effect of e-cigarette aerosol emissions on respiratory health: a narrative review, Expert Review of Respiratory Medicine. &lt;a href=&quot;https:\/\/www.tandfonline.com\/doi\/full\/10.1080\/17476348.2019.1649146&quot; target=&quot;_blank&quot; rel=&quot;noopener noreferrer&quot;&gt;https:\/\/www.tandfonline.com\/doi\/full\/10.1080\/17476348.2019.1649146&lt;\/a&gt; '><sup>4<\/sup><\/a><\/span>). Dar\u00fcber hinaus interpretieren Gotts et al. (und Glantz zitiert sie) die Ergebnisse sehr selektiv. Ein repr\u00e4sentatives Beispiel f\u00fcr ihre Arbeitsweise liefert die Bewertung der Ergebnisse einer der \u00fcberarbeiteten Studien von Saudt et al. <span id='easy-footnote-5-8566' class='easy-footnote-margin-adjust'><\/span><span class='easy-footnote'><a href='https:\/\/dampffreiheit.de\/blog\/2020\/03\/de-ig-exr-dampfen-sars-cov-2-und-covid-19\/#easy-footnote-bottom-5-8566' title='Staudt MR, Salit J, Kaner RJ, Hollmann C, Crystal RG Altered lung biology of healthy never smokers following acute inhalation of E-cigarettes. Respir Res2018;19:78. doi: 10.1186\/s12931-018-0778-z pmid:29754582 '><sup>5<\/sup><\/a><\/span>. Aus Glantz\u2019 genauem Zitat von Gotts et al.<\/p>\n<blockquote><p>Gesunde Nichtraucher wurden dem E-Zigaretten-Aerosol ausgesetzt, und zur Untersuchung der Alveolarmakrophagen wurde eine bronchoalveol\u00e4re Lavage durchgef\u00fchrt. Die Expression von mehr als 60 Genen war in den Alveolarmakrophagen von E-Zigaretten-Nutzern zwei Stunden nach nur 20 Z\u00fcgen ver\u00e4ndert, einschlie\u00dflich der Gene, die an der Entz\u00fcndung beteiligt sind.<\/p><\/blockquote>\n<p>Seltsamerweise lassen Gotts et al. und Glantz unerw\u00e4hnt, dass die in [5] untersuchten Effekte akut waren und dass in derselben Studie berichtet wird, dass &#8222;keine signifikanten Ver\u00e4nderungen der klinischen Parameter beobachtet wurden&#8220;. Gotts et al. und Glantz, die sie zitieren, vers\u00e4umen auch die Erw\u00e4hnung von Beweisen, die in die entgegengesetzte Richtung weisen: Wie in mehreren Studien, die [3] \u00fcberpr\u00fcft wurden, berichtet wird, reduziert der Gebrauch von E-Zigaretten tats\u00e4chlich das Vorhandensein von Krankheitserregern und Atemwegsinfektionen. Ein signifikanter R\u00fcckgang von Atemwegsinfektionen bei E-Zigaretten-Konsumenten wurde auch in einer breit angelegten randomisierten kontrollierten Studie zur Raucherentw\u00f6hnung berichtet <span id='easy-footnote-6-8566' class='easy-footnote-margin-adjust'><\/span><span class='easy-footnote'><a href='https:\/\/dampffreiheit.de\/blog\/2020\/03\/de-ig-exr-dampfen-sars-cov-2-und-covid-19\/#easy-footnote-bottom-6-8566' title=' Peter Hajek, Ph.D., Anna Phillips-Waller, B.Sc., Dunja Przulj, et al. A randomized trial of e-cigarettes versus Nicotine Replacement Therapy. N Engl J Med 2019; 380:629-637 DOI: 10.1056\/NEJMoa1808779 &lt;a href=&quot;https:\/\/bit.ly\/2RWdcd0&quot; target=&quot;_blank&quot; rel=&quot;noopener noreferrer&quot;&gt;https:\/\/bit.ly\/2RWdcd0&lt;\/a&gt; '><sup>6<\/sup><\/a><\/span>, ein Ergebnis, das auf einer 12-monatigen klinischen Beobachtung mit einer grossen Stichprobe von Probanden beruht. Dieses Ergebnis (und \u00e4hnliche Ergebnisse in anderen randomisierten Studien, die in <span id='easy-footnote-7-8566' class='easy-footnote-margin-adjust'><\/span><span class='easy-footnote'><a href='https:\/\/dampffreiheit.de\/blog\/2020\/03\/de-ig-exr-dampfen-sars-cov-2-und-covid-19\/#easy-footnote-bottom-7-8566' title='Hartmann-Boyce J, McRobbie H, Bullen C, Begh R, Stead L, Hajek P. Electronic cigarettes for smoking cessation. Cochrane Database of Systematic Reviews 2016 Issue 9. Art. No.: CD010216. DOI:10.1002\/14651858.CD010216. &lt;a href=&quot;http:\/\/onlinelibrary.wiley.com\/cochranelibrary\/search\/&quot; target=&quot;_blank&quot; rel=&quot;noopener noreferrer&quot;&gt;http:\/\/onlinelibrary.wiley.com\/cochranelibrary\/search\/&lt;\/a&gt;'><sup>7<\/sup><\/a><\/span> \u00fcberpr\u00fcft wurden) sind Beobachtungsergebnisse aus dem wirklichen Leben, die f\u00fcr die Beurteilung der Immunreaktion von Dampfern im Zusammenhang mit COVID-19 relevanter sind, als die unerw\u00fcnschten akuten Wirkungen in idealisierten Laborstudien, die von Gotts et al. unkritisch in [2] berichtet und von Glantz und Scientific American wiederverwertet wurden.<\/p>\n<p>Professor Glantz ist vielleicht die lautst\u00e4rkste Speerspitze, aber er ist weit davon entfernt, der einzige Akademiker in den USA zu sein, der Anti-E-Dampf-Aktivismus in den USA hervorbringt und der nun die Beziehung zwischen Dampfen und der SARS-CoV-2-Pandemie anhand der grob voreingenommenen Einsch\u00e4tzungen von dargestellten Bewertungen, wie die von Gotts et al., die die Risiken des Dampfens und Rauchens unachtsam zusammenf\u00fchren und alle gegenteiligen oder kritischen Beweise ignorieren. Es ist sehr bedauerlich, dass Mainstream-Akademiker, Politiker und Medien in den USA vorwiegend von diesem st\u00e4ndigen Fluss an Fehlinformationen gespeist werden, wie aus Aussagen des New Yorker Majors Bill de Blasio <span id='easy-footnote-8-8566' class='easy-footnote-margin-adjust'><\/span><span class='easy-footnote'><a href='https:\/\/dampffreiheit.de\/blog\/2020\/03\/de-ig-exr-dampfen-sars-cov-2-und-covid-19\/#easy-footnote-bottom-8-8566' title='&lt;a href=&quot;https:\/\/www.reuters.com\/article\/us-health-coronavirus-usa-vaping\/smoking-or-vaping-increases-risks-for-those-with-coronavirus-nyc-mayor-idUSKBN20V0Z0&quot; target=&quot;_blank&quot; rel=&quot;noopener noreferrer&quot;&gt;https:\/\/www.reuters.com\/article\/us-health-coronavirus-usa-vaping\/smoking-or-vaping-increases-risks-for-those-with-coronavirus-nyc-mayor-idUSKBN20V0Z0&lt;\/a&gt; '><sup>8<\/sup><\/a><\/span> und verschiedener anderer Medien hervorgeht<span id='easy-footnote-9-8566' class='easy-footnote-margin-adjust'><\/span><span class='easy-footnote'><a href='https:\/\/dampffreiheit.de\/blog\/2020\/03\/de-ig-exr-dampfen-sars-cov-2-und-covid-19\/#easy-footnote-bottom-9-8566' title='&lt;a href=&quot;https:\/\/nypost.com\/2020\/03\/21\/vaping-may-be-cause-of-coronavirus-cases-in-young-americans-experts-say\/&quot; target=&quot;_blank&quot; rel=&quot;noopener noreferrer&quot;&gt;https:\/\/nypost.com\/2020\/03\/21\/vaping-may-be-cause-of-coronavirus-cases-in-young-americans-experts-say\/&lt;\/a&gt;&lt;br \/&gt;\n&lt;a href=&quot;https:\/\/www.dailymail.co.uk\/health\/article-8136069\/Experts-question-vaping-drives-rise-young-Americans-COVID-19.html&quot; target=&quot;_blank&quot; rel=&quot;noopener noreferrer&quot;&gt;https:\/\/www.dailymail.co.uk\/health\/article-8136069\/Experts-question-vaping-drives-rise-young-Americans-COVID-19.html&lt;\/a&gt;&lt;br \/&gt;\n&lt;a href=&quot;http:\/\/www.msnbc.com\/morning-joe\/vaping-one-the-best-ways-trash-your-lungs-and-maybe-die-if-you-catch-coronavirus&quot; target=&quot;_blank&quot; rel=&quot;noopener noreferrer&quot;&gt;http:\/\/www.msnbc.com\/morning-joe\/vaping-one-the-best-ways-trash-your-lungs-and-maybe-die-if-you-catch-coronavirus&lt;\/a&gt; '><sup>9<\/sup><\/a><\/span>.<\/p>\n<h3>COVID-19 und Raucher<\/h3>\n<p>Eine gute Referenz, welche die verf\u00fcgbaren Beweise f\u00fcr die Beziehung zwischen Rauchen, Dampfen und COVID-19 \u00fcberpr\u00fcft, ist der Artikel von Farsalinos, Barbouni und Nyaura <span id='easy-footnote-10-8566' class='easy-footnote-margin-adjust'><\/span><span class='easy-footnote'><a href='https:\/\/dampffreiheit.de\/blog\/2020\/03\/de-ig-exr-dampfen-sars-cov-2-und-covid-19\/#easy-footnote-bottom-10-8566' title='K. Farsalinos, A. Barbolini, R. Nyaura. Somoking,vaping and hospitalization for COVID-19. Queios ID:Z69OBA.2. &lt;a href=&quot;https:\/\/doi.org\/10.32388\/Z69O8A.2&quot; target=&quot;_blank&quot; rel=&quot;noopener noreferrer&quot;&gt;https:\/\/doi.org\/10.32388\/Z69O8A.2&lt;\/a&gt; '><sup>10<\/sup><\/a><\/span> (siehe auch den professionellen Blogeintrag von Farsalinos <span id='easy-footnote-11-8566' class='easy-footnote-margin-adjust'><\/span><span class='easy-footnote'><a href='https:\/\/dampffreiheit.de\/blog\/2020\/03\/de-ig-exr-dampfen-sars-cov-2-und-covid-19\/#easy-footnote-bottom-11-8566' title='K Farsalinos. Smoking, vaping and the coronavirus (COVID-19) epidemic: rumors vs. evidence &lt;a href=&quot;http:\/\/www.ecigarette-research.org\/research\/index.php\/whats-new\/2020\/278-corona&quot; target=&quot;_blank&quot; rel=&quot;noopener noreferrer&quot;&gt;http:\/\/www.ecigarette-research.org\/research\/index.php\/whats-new\/2020\/278-corona&lt;\/a&gt; '><sup>11<\/sup><\/a><\/span>). Die Autoren kommen nach Durchsicht der Daten aus f\u00fcnf Studien an mit SARS-CoV-2 infizierten Patienten zu dem Schluss, dass der Zusammenhang zwischen dem Rauchen von Zigaretten und dem Schweregrad von COVID-19 bei infizierten chinesischen Patienten ungewiss und sogar sch\u00fctzend ist (unter Ber\u00fccksichtigung davon, dass 52,1% der chinesenischen M\u00e4nner rauchen, w\u00e4hrend nur 2,7% der Frauen rauchen). In seinem Blogeintrag untersucht Farsalinos die Daten aus der Studie mit der gr\u00f6\u00dften Stichprobe <span id='easy-footnote-12-8566' class='easy-footnote-margin-adjust'><\/span><span class='easy-footnote'><a href='https:\/\/dampffreiheit.de\/blog\/2020\/03\/de-ig-exr-dampfen-sars-cov-2-und-covid-19\/#easy-footnote-bottom-12-8566' title='Wei-jie Guan et al. Clinical characteristics of Coronavirus disease in China. N Engl J Med 2020; &lt;a href=&quot;https:\/\/www.nejm.org\/doi\/full\/10.1056\/NEJMoa2002032&quot; target=&quot;_blank&quot; rel=&quot;noopener noreferrer&quot;&gt;https:\/\/www.nejm.org\/doi\/full\/10.1056\/NEJMoa2002032&lt;\/a&gt;'><sup>12<\/sup><\/a><\/span> genauer: 1096 Patienten, von denen nur 12,5% derzeit Raucher waren (1,9% Ex-Raucher), was (wie in den anderen Studien der Fall ist) ein viel geringerer Anteil als der in der Bev\u00f6lkerung festgestellte, wenn man bedenkt, dass 58,1% der Stichprobe M\u00e4nner waren und praktisch 100% \u00e4lter als 15 Jahre (um repr\u00e4sentativ f\u00fcr die Bev\u00f6lkerung zu sein, w\u00fcrden wir erwarten, dass der Anteil der Raucher in der Stichprobe 29% betr\u00e4gt ).<br \/>\nVon den 1096 Patienten<\/p>\n<ul>\n<li>wurden 926 ohne schwerwiegende Beeintr\u00e4chtigung gemeldet (11,8% Raucher)<\/li>\n<li>wurden 173 mit schwerer Beeintr\u00e4chtigung gemeldet (11,8% Raucher)<\/li>\n<li>wurden 67 in kritischer Situation auf der Intensivstation, bei mechanischer Beatmung oder tot gemeldet (25.8% Raucher)<\/li>\n<\/ul>\n<p>Diese Zahlen weisen auf einen h\u00f6heren Anteil an Rauchern bei Personen mit schwerwiegenden Folgen hin, der jedoch aufgrund der hohen Raucherpr\u00e4valenz bei chinesischen M\u00e4nnern immer noch niedriger ist als in der allgemeinen chinesischen Bev\u00f6lkerung. Offensichtlich tr\u00e4gt das Rauchen zu identifizierten Anf\u00e4lligkeitszust\u00e4nden wie Herz-Kreislauf-Erkrankungen, Diabetes oder chronischen Lungenerkrankungen bei. Dar\u00fcber hinaus scheint es keine Hinweise darauf zu geben, dass das Rauchen an sich der dominierende oder bestimmende Faktor ist.<\/p>\n<h3>Die Wirkung von COVID-19 auf Dampfer<\/h3>\n<p>Im Gegensatz zu Aussagen von Fehlinformationsquellen gibt es einfach keine Hinweise darauf, dass das Dampfen die Immunk\u00f6rperantwort negativ beeinflussen kann, um so die Entwicklung und das Fortschreiten der durch SARS-CoV-2 verursachten Krankheiten bei E-Zigaretten-Nutzern hervorzurufen.<\/p>\n<p>Um die M\u00f6glichkeit eines Fortschreitens der Infektion, die zu COVID-19 bei Dampfern f\u00fchrt, besser zu verstehen, muss ber\u00fccksichtigt werden, dass die \u00fcberwiegende Mehrheit Raucher oder Ex-Raucher sind, einige mit einer langen Geschichte des fr\u00fcheren Rauchens. Diese Rauchanamnese ist sehr wahrscheinlich ein wichtiger Faktor, durch den sich ein Dampfer, der etwa 20 oder 30 Jahre geraucht hat, leicht als anf\u00e4llig erweisen kann, selbst wenn er (typischerweise) bereits 2-3 Jahre dampft ohne zu rauchen. Solche Dampfer w\u00e4ren anf\u00e4lliger f\u00fcr die komplizierte \u00c4tiologie (Entstehung, die Red.) von COVID-19. Dies ist jedoch kein intrinsischer (eigentlicher) Effekt des Dampfens, sondern des Rauchens und rechtfertigt daher ist es nicht, dass Dampfen als Risikofaktor auf gleicher H\u00f6he mit dem Rauchen zu betrachten (wie aus den irref\u00fchrenden Aussagen von Glantz hervorgeht, die dann von den Medien weiter verbreitet wurden).<\/p>\n<p>Tats\u00e4chlich ist es, angesichts der Tatsache, dass Raucher, die vollst\u00e4ndig auf Dampfen umsteigen, ihre Biomarker sowie ihre Atmungs- und Herz-Kreislauf-Bedingungen verbessern, h\u00f6chst plausibel (wie Farsalinos argumentiert [11]), dass sie unter einem m\u00f6glichen Fortschreiten von COVID-19 eine bessere Prognose haben w\u00fcrden wenn sie nicht mehr rauchen, auch wenn sie vorher geraucht haben. Dieser Effekt w\u00e4re noch ausgepr\u00e4gter, wenn sich herausstellt, dass Rauchen ein wesentlicher Faktor f\u00fcr die Entwicklung schwerer Komplikationen bei COVID-19 ist.<\/p>\n<p>Ebenso wichtig ist es zu betonen, dass es keine Ansteckung mit dem SARS-CoV-2-Virus durch E-Liquids geben kann, die das Virus enthalten. Zwar k\u00f6nnen in E-Liquids Krankheitserreger nachgewiesen werden, es w\u00e4re jedoch praktisch unm\u00f6glich, sich durch verdampfte Liquids, die das SARS-CoV-2-Virus oder einen anderen Erreger enthalten, zu infizieren: Das Liquid wird auf 180-220 Grad Celsius erhitzt. Kein Krankheitserreger kann diese Temperaturen \u00fcberleben (die Makromolek\u00fcle funktionieren dann nicht mehr).<\/p>\n<h3>Propylenglykol als Desinfektionsmittel<\/h3>\n<p>In sozialen Netzwerken wurde gesagt, dass Dampfen im Gegensatz zum Rauchen vor den Risiken einer Infektion mit COVID-19 sch\u00fctzen k\u00f6nnte <span id='easy-footnote-13-8566' class='easy-footnote-margin-adjust'><\/span><span class='easy-footnote'><a href='https:\/\/dampffreiheit.de\/blog\/2020\/03\/de-ig-exr-dampfen-sars-cov-2-und-covid-19\/#easy-footnote-bottom-13-8566' title='&lt;a href=&quot;https:\/\/twitter.com\/i\/topics\/news\/e137920411&quot; target=&quot;_blank&quot; rel=&quot;noopener noreferrer&quot;&gt;https:\/\/twitter.com\/i\/topics\/news\/e137920411&lt;\/a&gt; '><sup>13<\/sup><\/a><\/span>. Man verweist auf Experimente in den 1940er Jahren, in denen Propylenglykol (PG) -Dampf zur Raum-Desinfektion benutzt wurde, um Krankheitserreger in Krankenh\u00e4usern, Milit\u00e4r-Kasernen und an anderen Orten zu entfernen.<br \/>\nDas experimentelle Verfahren lief wie folgt <span id='easy-footnote-14-8566' class='easy-footnote-margin-adjust'><\/span><span class='easy-footnote'><a href='https:\/\/dampffreiheit.de\/blog\/2020\/03\/de-ig-exr-dampfen-sars-cov-2-und-covid-19\/#easy-footnote-bottom-14-8566' title='Robertson O.H., Bigg E., Puck T.T., Miller B.F., Technical Assistance of Elizabeth A. Appell. The bactericidal action of propylene glycol vapor on microorganisms suspended in air: I. J Exp Med. 1942 Jun1;75(6):593-610. &lt;a href=&quot;https:\/\/www.ncbi.nlm.nih.gov\/pubmed\/19871209&quot; target=&quot;_blank&quot; rel=&quot;noopener noreferrer&quot;&gt;https:\/\/www.ncbi.nlm.nih.gov\/pubmed\/19871209&lt;\/a&gt; '><sup>14<\/sup><\/a><\/span> <span id='easy-footnote-15-8566' class='easy-footnote-margin-adjust'><\/span><span class='easy-footnote'><a href='https:\/\/dampffreiheit.de\/blog\/2020\/03\/de-ig-exr-dampfen-sars-cov-2-und-covid-19\/#easy-footnote-bottom-15-8566' title='Puck T.T., Robertson O.H., Lemon H.M., The bactericidal action of propylene glycol vapor on microorganisms suspended in air: II, the influence of various factors on the activity of the vapor. J ExpMed. 1943 Nov 1;78(5):387-406. &lt;a href=&quot;https:\/\/www.ncbi.nlm.nih.gov\/pubmed\/19871337&quot; target=&quot;_blank&quot; rel=&quot;noopener noreferrer&quot;&gt;https:\/\/www.ncbi.nlm.nih.gov\/pubmed\/19871337&lt;\/a&gt; '><sup>15<\/sup><\/a><\/span>: In eine Testkammer wurden Keime (Bakterien) in einem w\u00e4ssrigen Tr\u00f6pfchen aus einer Aerosol-Kultur gegeben (die Kontrolle war eine Kammer mit Pathogenen ohne das PG-Aerosol). Dann wurde PG-Aerosol bzw. PG-Dampf nach und nach in die Testkammer eingebracht und mit einem Ventilator gleichm\u00e4\u00dfig verteilt. Es wurden Tests f\u00fcr unterschiedlich hohe Temperatur- Feuchtigkeitsbereiche durchgef\u00fchrt, mit verschiedenen Verfahren, die Bakterien zu sammeln. Wenn die PG-Tr\u00f6pfchen im Aerosol schnell verdampfen, setzen sie PG-Dampf in Konzentrationen zwischen 0,05 und 0,66 ppm (200 bis 3000 mg \/ m\u00b3) frei. Der Reinigungseffekt war bei niedrigeren Temperaturen am effizientesten (im Bereich von 15-37 \u00b0 C) und bei mittlerer relativer Luftfeuchtigkeit (zwischen 27% und 91%; Spitzenwert bei etwa 42%), wobei ein Reinigungseffekt auch bei niedriger relativer Luftfeuchtigkeit (10%) noch m\u00f6glich (wenn auch langsamer), wenn die PG-Dampfkonzentration ausreichend hoch war.<\/p>\n<p>Die physikalische Eigenschaft, die diesen Effekt erkl\u00e4rt <span id='easy-footnote-16-8566' class='easy-footnote-margin-adjust'><\/span><span class='easy-footnote'><a href='https:\/\/dampffreiheit.de\/blog\/2020\/03\/de-ig-exr-dampfen-sars-cov-2-und-covid-19\/#easy-footnote-bottom-16-8566' title='T.T. Puck, The mechanism of aerial disinfection by glycols and other chemical agents. I Demonstration that the germicidal action occurs through the agency of the vapor phase. J Exp Med. 1947 May 31; 85(6): 729\u2013739. doi: 10.1084\/jem.85.6.729'><sup>16<\/sup><\/a><\/span>, ist die hygroskopische Natur des PG-Dampfes (nicht der Aerosoltr\u00f6pfchen). Wenn die PG-Tr\u00f6pfchen unterhalb der Lufts\u00e4ttigung verdampfen, setzen sie PG-Dampfmolek\u00fcle frei, die sich mit hohen Geschwindigkeiten verteilen, und (aufgrund der Hygroskopizit\u00e4t, der Eigenschaft, Feuchtigkeit zu binden) kondensieren diese Molek\u00fcle (werden schnell akkret) in den w\u00e4ssrigen Tr\u00f6pfchen, die die Keime enthalten. Die Keime werden durch zahlreiche schnelle Kollisionen mit den akkretierten PG-Molek\u00fclen eliminiert, sobald sich diese ansammeln und 70-80% der Tr\u00f6pfchenmasse bilden. Dieser Effekt tritt bei extremen Luftfeuchtigkeiten nicht mehr auf: Bei 0% relativer Luftfeuchtigkeit verdampfen die Tr\u00f6pfchen sehr schnell und bei nahezu 100% relativer Luftfeuchtigkeit kondensieren sie, was zu einem stabilen Zustand f\u00fchrt, der den verf\u00fcgbaren PG-Dampf begrenzt (siehe [16] f\u00fcr Details).<\/p>\n<p>Es ist schwierig, diese stark kontrollierten und idealisierten Experimente in Beziehung zu den unregelm\u00e4\u00dfigen und sehr variablen Bedingungen beim Dampfen zu setzen. In den Experimenten wurde anfangs reines PG (als Aerosol oder als Dampf) kontinuierlich zugef\u00fchrt und gleichm\u00e4\u00dfig verteilt, w\u00e4hrend das Aerosol beim Verdampfen eine Mischung aus PG und anderen Verbindungen (Veganes Glycerin, Nikotin, Restkonzentrationen von Aldehyden) ist. W\u00e4hrend des Zuges und beim Einatmen wird es zeitweise in die Umgebungsluft abgegeben breitet sich dabei ungleichm\u00e4\u00dfig aus. Zweitens sind die PG-Konzentrationen beim Dampfen sehr variabel und \u00e4ndern sich schnell mit der Zeit und Position. W\u00e4hrend die PG-Konzentrationen in den Experimenten denen von eingeatmetem Dampf entsprechen k\u00f6nnten, ist es unwahrscheinlich, dass dieser Desinfektionseffekt in den Atemwegen auftritt, in denen die relative Luftfeuchtigkeit nahe 100% liegt. Das ausgeatmete Umgebungsdampfaerosol k\u00f6nnte sich den experimentellen Bedingungen besser n\u00e4hern: PG \/ VG-Tr\u00f6pfchen verdampfen schnell und setzen PG-Dampfmolek\u00fcle frei, w\u00e4hrend relative Luftfeuchtigkeitswerte von 40-70% nicht unrealistisch sind, aber die PG-Dampfkonzentrationen m\u00f6glicherweise zu niedrig sind (Kammerstudien messen) etwa 200 mg \/ m\u00b3 <span id='easy-footnote-17-8566' class='easy-footnote-margin-adjust'><\/span><span class='easy-footnote'><a href='https:\/\/dampffreiheit.de\/blog\/2020\/03\/de-ig-exr-dampfen-sars-cov-2-und-covid-19\/#easy-footnote-bottom-17-8566' title='Czogala, J., Goniewicz, M., Fidelus, B., Zielinska-Danch, W., Travers, M. and Sobczak, A. (2013) \u201cSecondhand exposure to vapors from electronic cigarettes\u201d. Nicotine Tob Res (11 December 2011 (Epub ahead of print). DOI: 10.1093\/ntr\/ntt203 '><sup>17<\/sup><\/a><\/span> <span id='easy-footnote-18-8566' class='easy-footnote-margin-adjust'><\/span><span class='easy-footnote'><a href='https:\/\/dampffreiheit.de\/blog\/2020\/03\/de-ig-exr-dampfen-sars-cov-2-und-covid-19\/#easy-footnote-bottom-18-8566' title='J Liu, Q Liang, M J. Oldham, A A. Rostami, K A. Wagner, G Gillman, P Patel, R Savioz, M Sarkar. \u201cDetermination of Selected Chemical Levels in Room Air and on Surfaces after the Use of Cartridge- and Tank-Based E-Vapor Products or Conventional Cigarettes\u201d. Int. J. Environ. Res. Public Health 2017, 14, 969; doi:10.3390\/ijerph14090969'><sup>18<\/sup><\/a><\/span> die unteren Grenzkonzentrationen in den Experimenten in [14,15]).<\/p>\n<p>Dar\u00fcber hinaus kann angesichts der beobachteten Verringerung von Atemwegs-Infektionen bei Konsumenten von E-Zigaretten dar\u00fcber spekuliert werden, ob zumindest in einigen F\u00e4llen Umweltbedingungen, die diesen Effekt beg\u00fcnstigen, beim Dampfen aufgetreten sein k\u00f6nnten. Die Luftreinigungsexperimente, die in den 1940er Jahren durchgef\u00fchrt wurden, betrafen nur Bakterien und das Influenzavirus. Ohne experimentelle Beweise l\u00e4sst sich nicht schlie\u00dfen, ob dies mit SARS-CoV-2 und unter den Bedingungen von E-Zigaretten-Aerosol in der Umwelt geschehen k\u00f6nnte. Viele Viren (und es gibt gro\u00dfe Unterschiede) k\u00f6nnen au\u00dferhalb der Schutzh\u00fclle eines feuchten Mediums (der Speicheltr\u00f6pfchen) oder au\u00dferhalb ihrer Wirtszelle im K\u00f6rpergewebe nicht lange \u00fcberleben. Es ist jedoch nicht bekannt, ob dies auch bei SARS-CoV-2 der Fall ist.<\/p>\n<h3>Ausgeatmeter Dampf als m\u00f6glicher Weg zur Ausbreitung von SARS-Co-V2<\/h3>\n<p>Ein besorgniserregender, theoretisch m\u00f6glicher, Infektionsweg des SARS-Co-V2-Virus ist das Einatmen von Umgebungsaerosol (d. h. \u201eDampf\u201c), das von Dampfern ausgeatmet wird \u2013 ein verd\u00fcnntes und fl\u00fcchtiges Aerosol, das fast ausschlie\u00dflich aus Tr\u00f6pfchen aus PG, Glycerin (VG) und Feuchthaltemitteln besteht (die sichtbare \u201eWolke\u201c), gebunden in einem gasf\u00f6rmigen Medium aus denselben Verbindungen (Nikotin, Aldehyde und Metalle sind in Spuren vorhanden).<\/p>\n<p>Kann dieser ausgeatmete Dampf SARS-CoV-2 verbreiten? Wie Rosanna O&#8217;Connor, Direktorin f\u00fcr Tabakalkohol und Drogen im \u00f6ffentlichen Gesundheitswesen in England <span id='easy-footnote-19-8566' class='easy-footnote-margin-adjust'><\/span><span class='easy-footnote'><a href='https:\/\/dampffreiheit.de\/blog\/2020\/03\/de-ig-exr-dampfen-sars-cov-2-und-covid-19\/#easy-footnote-bottom-19-8566' title='Coronavirus and vaping: Can e-cigarette clouds pass on Covid-19? &lt;a href=&quot;https:\/\/www.standard.co.uk\/news\/world\/vaping-coronavirus-ecigarette-cloud-expert-advice-a4386996.html&quot; target=&quot;_blank&quot; rel=&quot;noopener noreferrer&quot;&gt;https:\/\/www.standard.co.uk\/news\/world\/vaping-coronavirus-ecigarette-cloud-expert-advice-a4386996.html&lt;\/a&gt; '><sup>19<\/sup><\/a><\/span>, und Professor Neil Benowitz von der University of California in San Francisco <span id='easy-footnote-20-8566' class='easy-footnote-margin-adjust'><\/span><span class='easy-footnote'><a href='https:\/\/dampffreiheit.de\/blog\/2020\/03\/de-ig-exr-dampfen-sars-cov-2-und-covid-19\/#easy-footnote-bottom-20-8566' title='Coronavirus will NOT spread in vape clouds unless the e-cigarette user coughs when they exhale, scientists claim. Daily Mail. March 23 rd 2020. &lt;a href=&quot;https:\/\/www.dailymail.co.uk\/news\/article-8143385\/Coronavirus-NOT-spread-vape-clouds-unless-e-cigarette-user-coughs.html&quot; target=&quot;_blank&quot; rel=&quot;noopener noreferrer&quot;&gt;https:\/\/www.dailymail.co.uk\/news\/article-8143385\/Coronavirus-NOT-spread-vape-clouds-unless-e-cigarette-user-coughs.html&lt;\/a&gt; '><sup>20<\/sup><\/a><\/span> feststellten, gibt es derzeit keine Hinweise auf eine Ansteckung durch ausgeatmeten Dampf von E-Zigaretten. Im Gegensatz dazu behauptet der schottische Mikrobiologe Tom McLean, wissenschaftlicher Berater der Nanotera Group <span id='easy-footnote-21-8566' class='easy-footnote-margin-adjust'><\/span><span class='easy-footnote'><a href='https:\/\/dampffreiheit.de\/blog\/2020\/03\/de-ig-exr-dampfen-sars-cov-2-und-covid-19\/#easy-footnote-bottom-21-8566' title='\u2018Someone spitting in your face\u2019: Coronavirus: Scottish expert warns of vaping dangers. Glasgow Evening Times. 16 th March 2020. &lt;a href=&quot;https:\/\/web.archive.org\/web\/20220521115306\/https:\/\/www.glasgowtimes.co.uk\/news\/18309649.someone-spitting-face-coronavirus-scottish-expert-warns-vaping-dangers\/&quot; target=&quot;_blank&quot; rel=&quot;noopener noreferrer&quot;&gt;https:\/\/www.glasgowtimes.co.uk\/news\/18309649.someone-spitting-face-coronavirus-scottish-expert-warns-vaping-dangers\/&lt;\/a&gt; '><sup>21<\/sup><\/a><\/span>, dass ausgeatmeter Dampf das Virus verbreiten kann, und vergleicht sogar die Exposition gegen\u00fcber ausgeatmetem Dampf mit einem \u201eSpucken ins Gesicht\u201c. Wie wir unten zeigen, sind McLeans Aussagen aber v\u00f6llig falsch und widersprechen den Grundprinzipien der Aerosolphysik.<\/p>\n<p>Es ist bekannt, dass eine SARS-CoV-2-Ansteckung durch Exposition gegen\u00fcber dem Virus in Speicheltr\u00f6pfchen in der Luft erfolgt, durch den Atem einer infizierten Person (in kurzen Entfernungen) und, in effizienterer Form (in gr\u00f6\u00dferen Entfernungen), wenn die infizierte niest oder hustet [22]. Bei Verwendung einer E-Zigarette gelangt mit dem ausgeatmeten Dampf zwar auch Material aus den Atemwegen des Dampfers (m\u00f6glicherweise einschlie\u00dflich der Krankheitserreger) in die Umwelt, aber nur genau so, wie dies auch beim Atmen geschieht. Das Dampfen an sich ist gebunden an diesen unver\u00e4nderlichen Mechanismus (es ist unm\u00f6glich, gleichzeitig zu dampfen und zu niesen oder zu husten).<\/p>\n<p>Im Gegensatz zu normalem Atmen, Husten oder Niesen w\u00fcrden im ausgeatmetem Dampf enthaltenen Speicheltr\u00f6pfchen in der Luft von einem anderen chemischen Medium aus PG \/ VG-Tr\u00f6pfchen und Dampf getragen (andere Verbindungen wie Nikotin und Aldehyde sind nur in Spuren enthalten). W\u00e4hrend es unm\u00f6glich ist, die eine Desinfektionswirkung auszuschlie\u00dfen, wie in [14,15,16] berichtet, bleibt jedoch durch die Kondensation des PG-Dampfes, der die mit dem SARS-CoV-2-Virus infizierten Speichetr\u00f6pfchen tr\u00e4gt, eine \u00dcbertragung h\u00f6chst unwahrscheinlich \u2013 es ist lediglich eine spekulative und theoretische M\u00f6glichkeit ohne empirische Unterst\u00fctzung. Das wichtigste Kriterium zur Untersuchung der M\u00f6glichkeit einer \u00dcbertragung des SARS-CoV-2-Virus durch den ausgeatmeten Dampf ist die Geschwindigkeit der Speicheltr\u00f6pfchen, die m\u00f6glicherweise durch diesen Luftstrom mitgerissen werden.<\/p>\n<p>Der ausgeatmete Dampf ist ein verd\u00fcnntes Aerosol, welches fast ausschlie\u00dflich aus sehr leichten und sich schnell bewegenden PG\/VG-Tr\u00f6pfchen (den \u201ePartikeln\u201c) mit mittleren Durchmessern von etwa 100 bis 300 nm [23,24] besteht (ein Nanometer-nm entspricht einem Milliardstel Meter). Diese Tr\u00f6pfchen verdampfen sehr schnell (ein Zug innerhalb von 20 Sekunden) und das gesamte Gassystem verteilt sich in weniger als 2-3 Minuten vollst\u00e4ndig. Einige der Tr\u00f6pfchen treffen auf W\u00e4nde oder fallen vor dem Verdampfen zu Boden. Kammer- und Laborexperimente zeigen, dass die meisten Tr\u00f6pfchen nicht \u00fcber gro\u00dfe Entfernungen transportiert werden: 1,5 Meter von der Ausatmungsquelle entfernt, sind sie kaum noch nachweisbar, da ihre Partikelanzahldichte f\u00fcr alle Partikelgr\u00f6\u00dfen (Submikron, PM 2,5 und PM 10) kaum von Hintergrundwerten zu unterscheiden ist. Bei Dampf-Ger\u00e4ten mit geringer Leistung betr\u00e4gt dieser Abstand wahrscheinlich weniger als 1 Meter.<\/p>\n<p>Die Ausbreitung des Virus kann hinsichtlich der Dynamik verglichen werden mit einem in der Luft befindlichen biologischen Aerosol, bestehend aus einem Ensemble von &#8222;Viruspartikeln&#8220; mit der Gr\u00f6\u00dfe von etwa 100 nm, wie sie die typischerweise in Speicheltr\u00f6pfchen enthalten sind, von denen die gro\u00dfen Partikel einen Durchmesser von 5 bis 10 Mikrometern haben (ein Mikrometer ist 1000) nm) [22,25]. Beim normalen Ausatmen im Sitzen kommt es zu einem nahezu laminaren Luftstrom mit niedriger Geschwindigkeit, so dass sich auf kurze Distanz nur wenige Tr\u00f6pfchen ausbreiten, w\u00e4hrend Niesen eine explosive turbulente Hochgeschwindigkeitsstr\u00f6mung ist, in der sich auf gr\u00f6\u00dfere Entfernungen bis zu Millionen von Tr\u00f6pfchen ausbreiten k\u00f6nnen (Husten kann Tausende von Tr\u00f6pfchen verbreiten). Die Speicheltr\u00f6pfchen, die das Virus transportieren, k\u00f6nnen (im Prinzip) lange Zeit schwimmf\u00e4hig bleiben, obwohl sie unter realen Bedingungen sehr anf\u00e4llig f\u00fcr Umgebungsbedingungen sind: Temperatur, relative Luftfeuchtigkeit, Sonneneinstrahlung, Verdunstung, Schwerkraftabfall und Aufprall auf Oberfl\u00e4chen [22, 25]. Obwohl berichtet wurde, dass solche Tr\u00f6pfchen bis zu 2,5 Meter weit reisen (wahrscheinlich von jemandem, der niest), ist dieser Abstand ein Maximalwert, so dass unter normalen Umgebungsbedingungen die durchschnittliche Entfernung vor Verdunstung oder Aufprall viel geringer sein sollte, wahrscheinlich um 1,5 Meter (noch weniger in trockenen und hei\u00dfen Umgebungen) und sogar noch weniger beim normalen Ausatmen (die Atemzone reicht ca. 30 cm).<\/p>\n<p>Der mit dem Dampfen verbundene Ausatmungs-Luftstrom liegt in Bezug auf die Geschwindigkeit zwischen den beiden Extremen \u2013 dem nahezu laminaren Luftstrom normaler Atmung und dem schnellen, turbulenten Luftstrom von Niesen <span id='easy-footnote-22-8566' class='easy-footnote-margin-adjust'><\/span><span class='easy-footnote'><a href='https:\/\/dampffreiheit.de\/blog\/2020\/03\/de-ig-exr-dampfen-sars-cov-2-und-covid-19\/#easy-footnote-bottom-22-8566' title='J.M. Macher, J. Douwes, B. Prezant and T. Reponen, Bioaerosols. Chapter 12. Aerosols Handbook, Measurement, Dosimetry and Health Effects. Second Edition. Edited by L.S. Ruzer and N.H. Harley. CRC Press. Taylos &amp;amp; Francis Group, Boca Raton, London, New York 2013 '><sup>22<\/sup><\/a><\/span>. Die Speicheltr\u00f6pfchen, die bis zu Tausenden von Viruspartikeln tragen, verhalten sich jedoch dynamisch anders als die schnell verdampfenden PG\/VG-Tr\u00f6pfchen im E-Zigaretten-Aerosol: Sie bleiben viel l\u00e4nger bewegungsf\u00e4hig, sind auch viel schwerer und verhalten sich im ausgeatmeten Luftstrom entsprechend tr\u00e4ge. Daher ist es unwahrscheinlich, dass diese schweren Speicheltr\u00f6pfchen, die von einem infizierten Dampfers ausgeatmet werdem, bis zu Entfernungen von 1,5 Metern transportiert werden, wo die viel leichteren PG\/VG-Tr\u00f6pfchen kaum nachweisbar sind (ihre Partikelanzahldichte entspricht fast den Kontrollwerten der Umgebungsluft <span id='easy-footnote-23-8566' class='easy-footnote-margin-adjust'><\/span><span class='easy-footnote'><a href='https:\/\/dampffreiheit.de\/blog\/2020\/03\/de-ig-exr-dampfen-sars-cov-2-und-covid-19\/#easy-footnote-bottom-23-8566' title='Tongke Zhao, C Nguyen, Che-Hsuan Lin, H R. Middlekauff, K Peters, R Moheimani, Qiuju Guo &amp;amp; Yifang Zhu (2017). Characteristics of secondhand electronic cigarette aerosols from active human use, Aerosol Science and Technology, 51:12, 1368-1376, DOI: 10.1080\/02786826.2017.1355548 '><sup>23<\/sup><\/a><\/span> <span id='easy-footnote-24-8566' class='easy-footnote-margin-adjust'><\/span><span class='easy-footnote'><a href='https:\/\/dampffreiheit.de\/blog\/2020\/03\/de-ig-exr-dampfen-sars-cov-2-und-covid-19\/#easy-footnote-bottom-24-8566' title='D Martuzevicius, T Prasauskas, A Setyan, G O\u2019Connell, X Cahours, R Julien, S Colard, Characterization of the Spatial and Temporal Dispersion Differences Between Exhaled E- Cigarette Mist and Cigarette Smoke, Nicotine &amp;amp; T obacco Research, 2018, 1\u20137 doi:10.1093\/ntr\/nty121 '><sup>24<\/sup><\/a><\/span>). Bei Ger\u00e4ten mit geringer Leistung ist der ausgeatmete Dampfstrom langsamer und n\u00e4her an der Laminarit\u00e4t, was sich nicht wesentlich von dem des normalen Atemflusses unterscheidet. Daher sollte die Distanz, die Speicheltr\u00f6pfchen beim Ausatmen erreichen, hier noch geringer sein, wahrscheinlich ist sie vergleichbar mit der pers\u00f6nlichen Atemzone (30 cm).<\/p>\n<p>Rosanna O\u2019Connor von PHE und Professor Benowitz haben also Recht: Es besteht kein besonderes Risiko einer Ansteckung von SARS-CoV-2 durch ausgeatmeten Dampf, das strengere Ma\u00dfnahmen zum Schutz von Nicht-Dampfer erfordern w\u00fcrde. Das Ansteckungsrisiko durch ausgeatmeten Dampf kann nicht mit dem durch die Ausbreitung des Virus durch Niesen oder Husten verglichen werden, wie von Tom Mclean behauptet. Es liegt nahe, dass ausgeatmeter Dampf eines infizierten Dampfers in Abh\u00e4ngigkeit von der Leistung des Dampfger\u00e4ts ungef\u00e4hr die gleiche Menge an Speicheltr\u00f6pfchen mit dem SARS-CoV-2-Virus verbreitet wie die normale Atmung eines Nicht-Dampfers in seiner bzw. ihrer Atemzone. Wenn Sie den f\u00fcr Nicht-Dampfer empfohlenen Abstand von 1,5 bis 2 Metern einhalten, sollte eine Ansteckung durch einen Dampfer verhindert werden.<\/p>\n<h3>Ansteckung mit COVID-19 durch Oberfl\u00e4chen<\/h3>\n<p>Einer der Mechanismen der Ansteckung von Viren ist der physische Kontakt mit Oberfl\u00e4chen, auf denen sie liegen, und das anschlie\u00dfende Ber\u00fchren von Mund, Nase oder Augen. Es ist bekannt, dass Viren auf Oberfl\u00e4chen \u00fcberleben k\u00f6nnen und dass sie typischerweise in d\u00fcnnen Fl\u00fcssigkeitsfilmen liegen, die sich bilden, wenn die Speicheltropfen beim Transport durch Husten oder Niesen auf diese Oberfl\u00e4chen treffen [22], <span id='easy-footnote-25-8566' class='easy-footnote-margin-adjust'><\/span><span class='easy-footnote'><a href='https:\/\/dampffreiheit.de\/blog\/2020\/03\/de-ig-exr-dampfen-sars-cov-2-und-covid-19\/#easy-footnote-bottom-25-8566' title='Van Doremalen N. Et al. Aerosol and surface stability of SARS-CoV-2 as compared with SARS-CoV-1. The New England Journal of Medicine. &lt;a href=&quot;https:\/\/www.nejm.org\/doi\/full\/10.1056\/NEJMc2004973&quot; target=&quot;_blank&quot; rel=&quot;noopener noreferrer&quot;&gt;https:\/\/www.nejm.org\/doi\/full\/10.1056\/NEJMc2004973&lt;\/a&gt; '><sup>25<\/sup><\/a><\/span>. Diese Art der Ansteckung ist daher theoretisch m\u00f6glich durch Speicheltr\u00f6pfchen mit SARS-CoV-2, die durch ausgeatmeten Dampf auf die Oberfl\u00e4che auftreffen. Dieses Risiko sollte jedoch vergleichbar sein mit dem von Tr\u00f6pfchen, die aus normalem Atem auf eine ausreichend nahe Oberfl\u00e4che auftreffen.<\/p>\n<p>Wie lange kann das Virus \u00fcberleben? Das h\u00e4ngt vom Virus ab: Es wurde berichtet, dass SARS-CoV-2 mehrere Stunden und (in einigen Materialien) bis zu 3 Tagen stabil, lebensf\u00e4hig und funktionsf\u00e4hig bleibt [25]. Dies stammt jedoch aus extrem idealisierten Laborexperimenten, die in keiner Relation stehen zu einer realistischen Ablagerung eines Virus auf einer Oberfl\u00e4che: Die Forscher beimpften mit dem Virus eine sch\u00fctzende Wirts-Fl\u00fcssigkeit auf der Oberfl\u00e4che und \u00fcberpr\u00fcften anschlie\u00dfend seine \u00dcberlebensf\u00e4higkeit. Bei diesem SARS-CoV-2 ist nicht bekannt, wie lange das Virus unter realistischen Bedingungen auf Oberfl\u00e4chen \u00fcberleben kann und ob es ohne Schutzh\u00fclle \u00fcberleben kann.<\/p>\n<h3>EMPFEHLUNGEN F\u00dcR DAMPFER<\/h3>\n<p>Auf Basis der bereitgestellten Informationen empfehlen wir:<\/p>\n<ul>\n<li>Wenn Sie bereits dampfen, kehren Sie nicht zum Rauchen zur\u00fcck (wenn Sie rauchen und dampfen (Dual-Use), versuchen Sie, k\u00fcnftig ausschlie\u00dflich zu dampfen).<\/li>\n<li>Wenn Sie gerne dampfen und nicht rauchen, sollte es eine pers\u00f6nliche Entscheidung sein, auch mit dem Dampfen aufzuh\u00f6ren \u2013 keine Verpflichtung<\/li>\n<li>Seien Sie diskret und lenken Sie keine unerw\u00fcnschte Aufmerksamkeit auf sich (denken Sie daran, dass dies schwierige Zeiten sind und dass viele Nicht-Dampfer vielen Fehlinformationen ausgesetzt sind).<\/li>\n<li>Vermeiden Sie um jeden Preis gro\u00dfe Wolken in der \u00d6ffentlichkeit (auch im Freien).<\/li>\n<li>Verwenden Sie Ger\u00e4te mit geringer Leistung, wann immer dies m\u00f6glich ist und wenn andere in der N\u00e4he sind. Das Risiko der Ausbreitung des Virus bei diskretem Dampfen und Ger\u00e4ten mit geringer Leistung entspricht in etwa dem Risiko bei normaler Atmung im Sitzen.<\/li>\n<li>Vermeiden Sie das Dampfen in geschlossenen \u00f6ffentlichen R\u00e4umen und versuchen Sie beim Dampfen im Freien, mindestens 2 Meter Abstand zu anderen Menschen zu halten.<\/li>\n<\/ul>\n<p>&nbsp;<\/p>\n<h3><strong>Weiterf\u00fchrende Informationen<\/strong><\/h3>\n<ul>\n<li><strong>[DE] IG-ED:<\/strong> <a href=\"https:\/\/ig-ed.org\/2020\/04\/dampfen-und-sars-cov-2-und-covid-19\/\" target=\"_blank\" rel=\"noopener noreferrer\">\u00dcbersetzung Dampfen UND SARS-CoV-2 UND COVID-19<\/a><\/li>\n<li><strong>[AU] ATHRA:<\/strong> <a href=\"https:\/\/web.archive.org\/web\/20241023132217\/https:\/\/www.athra.org.au\/blog\/2020\/03\/26\/vaping-does-not-increase-the-risk-of-covid-19\/\" target=\"_blank\" rel=\"noopener noreferrer\">No evidence that vaping increases the risk of COVID-19<\/a><\/li>\n<li><strong>[UK] DailyMail:<\/strong> <a href=\"https:\/\/www.dailymail.co.uk\/news\/article-8143385\/Coronavirus-NOT-spread-vape-clouds-unless-e-cigarette-user-coughs.html\" target=\"_blank\" rel=\"noopener noreferrer\">Coronavirus will NOT spread in vape clouds unless the e-cigarette user coughs when they exhale, scientists claim<\/a><\/li>\n<li><strong>[DE] DampfFreiheit:<\/strong> <a href=\"https:\/\/dampffreiheit.de\/blog\/2020\/03\/gr-covid-19-zusammenhang-rauchen-dampfen-und-krankenhausaufenthalte\/\" target=\"_blank\" rel=\"noopener noreferrer\">[GR] COVID-19 \u2013 Zusammenhang Rauchen, Dampfen und Krankenhausaufenthalte?<\/a><\/li>\n<li><strong>[DE] DampfFreiheit:<\/strong> <a href=\"https:\/\/dampffreiheit.de\/blog\/2020\/03\/us-missbrauch-von-covid-19-fuer-anti-e-dampf-ideologie\/\" target=\"_blank\" rel=\"noopener noreferrer\">[US] Mi\u00dfbrauch von COVID-19 f\u00fcr Anti-E-Dampf-Ideologie<\/a><\/li>\n<\/ul>\n<div class=\"shariff shariff-align-center shariff-widget-align-center\"><ul class=\"shariff-buttons theme-grey orientation-horizontal buttonsize-small\"><li class=\"shariff-button mailto shariff-nocustomcolor\" style=\"background-color:#a8a8a8\"><a href=\"mailto:?body=https%3A%2F%2Fdampffreiheit.de%2Fblog%2F2020%2F03%2Fde-ig-exr-dampfen-sars-cov-2-und-covid-19%2F&subject=%5BDE%5D%20IG-ExR%20%E2%80%93%20Dampfen%2C%20SARS-CoV-2%20und%20COVID-19\" title=\"Per E-Mail versenden\" aria-label=\"Per E-Mail versenden\" role=\"button\" rel=\"noopener nofollow\" class=\"shariff-link\" style=\"; background-color:#999; color:#fff\"><span class=\"shariff-icon\" style=\"\"><svg width=\"32px\" height=\"20px\" xmlns=\"http:\/\/www.w3.org\/2000\/svg\" viewBox=\"0 0 32 32\"><path fill=\"#999\" d=\"M32 12.7v14.2q0 1.2-0.8 2t-2 0.9h-26.3q-1.2 0-2-0.9t-0.8-2v-14.2q0.8 0.9 1.8 1.6 6.5 4.4 8.9 6.1 1 0.8 1.6 1.2t1.7 0.9 2 0.4h0.1q0.9 0 2-0.4t1.7-0.9 1.6-1.2q3-2.2 8.9-6.1 1-0.7 1.8-1.6zM32 7.4q0 1.4-0.9 2.7t-2.2 2.2q-6.7 4.7-8.4 5.8-0.2 0.1-0.7 0.5t-1 0.7-0.9 0.6-1.1 0.5-0.9 0.2h-0.1q-0.4 0-0.9-0.2t-1.1-0.5-0.9-0.6-1-0.7-0.7-0.5q-1.6-1.1-4.7-3.2t-3.6-2.6q-1.1-0.7-2.1-2t-1-2.5q0-1.4 0.7-2.3t2.1-0.9h26.3q1.2 0 2 0.8t0.9 2z\"\/><\/svg><\/span><span class=\"shariff-text\">E-Mail<\/span>&nbsp;<\/a><\/li><li class=\"shariff-button mastodon shariff-nocustomcolor\" style=\"background-color:#563ACC\"><a href=\"https:\/\/s2f.kytta.dev\/?text=%5BDE%5D%20IG-ExR%20%E2%80%93%20Dampfen%2C%20SARS-CoV-2%20und%20COVID-19 https%3A%2F%2Fdampffreiheit.de%2Fblog%2F2020%2F03%2Fde-ig-exr-dampfen-sars-cov-2-und-covid-19%2F\" title=\"Bei Mastodon teilen\" aria-label=\"Bei Mastodon teilen\" role=\"button\" rel=\"noopener nofollow\" class=\"shariff-link\" style=\"; background-color:#6364FF; color:#fff\" target=\"_blank\"><span class=\"shariff-icon\" style=\"\"><svg width=\"75\" height=\"79\" viewBox=\"0 0 75 79\" fill=\"none\" xmlns=\"http:\/\/www.w3.org\/2000\/svg\"><path d=\"M37.813-.025C32.462-.058 27.114.13 21.79.598c-8.544.621-17.214 5.58-20.203 13.931C-1.12 23.318.408 32.622.465 41.65c.375 7.316.943 14.78 3.392 21.73 4.365 9.465 14.781 14.537 24.782 15.385 7.64.698 15.761-.213 22.517-4.026a54.1 54.1 0 0 0 .01-6.232c-6.855 1.316-14.101 2.609-21.049 1.074-3.883-.88-6.876-4.237-7.25-8.215-1.53-3.988 3.78-.43 5.584-.883 9.048 1.224 18.282.776 27.303-.462 7.044-.837 14.26-4.788 16.65-11.833 2.263-6.135 1.215-12.79 1.698-19.177.06-3.84.09-7.692-.262-11.52C72.596 7.844 63.223.981 53.834.684a219.453 219.453 0 0 0-16.022-.71zm11.294 12.882c5.5-.067 10.801 4.143 11.67 9.653.338 1.48.471 3 .471 4.515v21.088h-8.357c-.07-7.588.153-15.182-.131-22.765-.587-4.368-7.04-5.747-9.672-2.397-2.422 3.04-1.47 7.155-1.67 10.735v6.392h-8.307c-.146-4.996.359-10.045-.404-15.002-1.108-4.218-7.809-5.565-10.094-1.666-1.685 3.046-.712 6.634-.976 9.936v14.767h-8.354c.109-8.165-.238-16.344.215-24.5.674-5.346 5.095-10.389 10.676-10.627 4.902-.739 10.103 2.038 12.053 6.631.375 1.435 1.76 1.932 1.994.084 1.844-3.704 5.501-6.739 9.785-6.771.367-.044.735-.068 1.101-.073z\"\/><defs><linearGradient id=\"paint0_linear_549_34\" x1=\"37.0692\" y1=\"0\" x2=\"37.0692\" y2=\"79\" gradientUnits=\"userSpaceOnUse\"><stop stop-color=\"#6364FF\"\/><stop offset=\"1\" stop-color=\"#563ACC\"\/><\/linearGradient><\/defs><\/svg><\/span><span class=\"shariff-text\">teilen<\/span>&nbsp;<\/a><\/li><li class=\"shariff-button twitter shariff-nocustomcolor\" style=\"background-color:#595959\"><a href=\"https:\/\/twitter.com\/share?url=https%3A%2F%2Fdampffreiheit.de%2Fblog%2F2020%2F03%2Fde-ig-exr-dampfen-sars-cov-2-und-covid-19%2F&text=%5BDE%5D%20IG-ExR%20%E2%80%93%20Dampfen%2C%20SARS-CoV-2%20und%20COVID-19&via=DampfFreiheit\" title=\"Bei X teilen\" aria-label=\"Bei X teilen\" role=\"button\" rel=\"noopener nofollow\" class=\"shariff-link\" style=\"; background-color:#000; color:#fff\" target=\"_blank\"><span class=\"shariff-icon\" style=\"\"><svg width=\"32px\" height=\"20px\" xmlns=\"http:\/\/www.w3.org\/2000\/svg\" viewBox=\"0 0 24 24\"><path fill=\"#000\" d=\"M14.258 10.152L23.176 0h-2.113l-7.747 8.813L7.133 0H0l9.352 13.328L0 23.973h2.113l8.176-9.309 6.531 9.309h7.133zm-2.895 3.293l-.949-1.328L2.875 1.56h3.246l6.086 8.523.945 1.328 7.91 11.078h-3.246zm0 0\"\/><\/svg><\/span><span class=\"shariff-text\">teilen<\/span>&nbsp;<\/a><\/li><li class=\"shariff-button telegram shariff-nocustomcolor\" style=\"background-color:#4084A6\"><a href=\"https:\/\/telegram.me\/share\/url?url=https%3A%2F%2Fdampffreiheit.de%2Fblog%2F2020%2F03%2Fde-ig-exr-dampfen-sars-cov-2-und-covid-19%2F&text=%5BDE%5D%20IG-ExR%20%E2%80%93%20Dampfen%2C%20SARS-CoV-2%20und%20COVID-19\" title=\"Bei Telegram teilen\" aria-label=\"Bei Telegram teilen\" role=\"button\" rel=\"noopener nofollow\" class=\"shariff-link\" style=\"; background-color:#0088cc; color:#fff\" target=\"_blank\"><span class=\"shariff-icon\" style=\"\"><svg width=\"32px\" height=\"20px\" xmlns=\"http:\/\/www.w3.org\/2000\/svg\" viewBox=\"0 0 32 32\"><path fill=\"#0088cc\" d=\"M30.8 6.5l-4.5 21.4c-.3 1.5-1.2 1.9-2.5 1.2L16.9 24l-3.3 3.2c-.4.4-.7.7-1.4.7l.5-7L25.5 9.2c.6-.5-.1-.8-.9-.3l-15.8 10L2 16.7c-1.5-.5-1.5-1.5.3-2.2L28.9 4.3c1.3-.5 2.3.3 1.9 2.2z\"\/><\/svg><\/span><span class=\"shariff-text\">teilen<\/span>&nbsp;<\/a><\/li><li class=\"shariff-button diaspora shariff-nocustomcolor\" style=\"background-color:#b3b3b3\"><a href=\"https:\/\/share.diasporafoundation.org\/?url=https%3A%2F%2Fdampffreiheit.de%2Fblog%2F2020%2F03%2Fde-ig-exr-dampfen-sars-cov-2-und-covid-19%2F&title=%5BDE%5D%20IG-ExR%20%E2%80%93%20Dampfen%2C%20SARS-CoV-2%20und%20COVID-19\" title=\"Bei diaspora* teilen\" aria-label=\"Bei diaspora* teilen\" role=\"button\" rel=\"noopener nofollow\" class=\"shariff-link\" style=\"; background-color:#999; color:#fff\" target=\"_blank\"><span class=\"shariff-icon\" style=\"\"><svg width=\"32px\" height=\"20px\" xmlns=\"http:\/\/www.w3.org\/2000\/svg\" viewBox=\"0 0 33 32\"><path fill=\"#999\" d=\"M20.6 28.2c-0.8-1.2-2.1-2.9-2.9-4-0.8-1.1-1.4-1.9-1.4-1.9s-1.2 1.6-2.8 3.8c-1.5 2.1-2.8 3.8-2.8 3.8 0 0-5.5-3.9-5.5-3.9 0 0 1.2-1.8 2.8-4s2.8-4 2.8-4.1c0-0.1-0.5-0.2-4.4-1.5-2.4-0.8-4.4-1.5-4.4-1.5 0 0 0.2-0.8 1-3.2 0.6-1.8 1-3.2 1.1-3.3s2.1 0.6 4.6 1.5c2.5 0.8 4.6 1.5 4.6 1.5s0.1 0 0.1-0.1c0 0 0-2.2 0-4.8s0-4.7 0.1-4.7c0 0 0.7 0 3.3 0 1.8 0 3.3 0 3.4 0 0 0 0.1 1.4 0.2 4.6 0.1 5.2 0.1 5.3 0.2 5.3 0 0 2-0.7 4.5-1.5s4.4-1.5 4.4-1.5c0 0.1 2 6.5 2 6.5 0 0-2 0.7-4.5 1.5-3.4 1.1-4.5 1.5-4.5 1.6 0 0 1.2 1.8 2.6 3.9 1.5 2.1 2.6 3.9 2.6 3.9 0 0-5.4 4-5.5 4 0 0-0.7-0.9-1.5-2.1z\"\/><\/svg><\/span><span class=\"shariff-text\">teilen<\/span>&nbsp;<\/a><\/li><li class=\"shariff-button facebook shariff-nocustomcolor\" style=\"background-color:#4273c8\"><a href=\"https:\/\/www.facebook.com\/sharer\/sharer.php?u=https%3A%2F%2Fdampffreiheit.de%2Fblog%2F2020%2F03%2Fde-ig-exr-dampfen-sars-cov-2-und-covid-19%2F\" title=\"Bei Facebook teilen\" aria-label=\"Bei Facebook teilen\" role=\"button\" rel=\"nofollow\" class=\"shariff-link\" style=\"; background-color:#3b5998; color:#fff\" target=\"_blank\"><span class=\"shariff-icon\" style=\"\"><svg width=\"32px\" height=\"20px\" xmlns=\"http:\/\/www.w3.org\/2000\/svg\" viewBox=\"0 0 18 32\"><path fill=\"#3b5998\" d=\"M17.1 0.2v4.7h-2.8q-1.5 0-2.1 0.6t-0.5 1.9v3.4h5.2l-0.7 5.3h-4.5v13.6h-5.5v-13.6h-4.5v-5.3h4.5v-3.9q0-3.3 1.9-5.2t5-1.8q2.6 0 4.1 0.2z\"\/><\/svg><\/span><span class=\"shariff-text\">teilen<\/span>&nbsp;<\/a><\/li><li class=\"shariff-button threema shariff-nocustomcolor shariff-mobile\" style=\"background-color:#4fbc24\"><a href=\"threema:\/\/compose?text=%5BDE%5D%20IG-ExR%20%E2%80%93%20Dampfen%2C%20SARS-CoV-2%20und%20COVID-19%20https%3A%2F%2Fdampffreiheit.de%2Fblog%2F2020%2F03%2Fde-ig-exr-dampfen-sars-cov-2-und-covid-19%2F\" title=\"Bei Threema teilen\" aria-label=\"Bei Threema teilen\" role=\"button\" rel=\"noopener nofollow\" class=\"shariff-link\" style=\"; background-color:#1f1f1f; color:#fff\" target=\"_blank\"><span class=\"shariff-icon\" style=\"\"><svg width=\"32px\" height=\"20px\" xmlns=\"http:\/\/www.w3.org\/2000\/svg\" viewBox=\"0 0 32 32\"><path fill=\"#1f1f1f\" d=\"M30.8 10.9c-0.3-1.4-0.9-2.6-1.8-3.8-2-2.6-5.5-4.5-9.4-5.2-1.3-0.2-1.9-0.3-3.5-0.3s-2.2 0-3.5 0.3c-4 0.7-7.4 2.6-9.4 5.2-0.9 1.2-1.5 2.4-1.8 3.8-0.1 0.5-0.2 1.2-0.2 1.6 0 0.4 0.1 1.1 0.2 1.6 0.4 1.9 1.3 3.4 2.9 5 0.8 0.8 0.8 0.8 0.7 1.3 0 0.6-0.5 1.6-1.7 3.6-0.3 0.5-0.5 0.9-0.5 0.9 0 0.1 0.1 0.1 0.5 0 0.8-0.2 2.3-0.6 5.6-1.6 1.1-0.3 1.3-0.4 2.3-0.4 0.8 0 1.1 0 2.3 0.2 1.5 0.2 3.5 0.2 4.9 0 5.1-0.6 9.3-2.9 11.4-6.3 0.5-0.9 0.9-1.8 1.1-2.8 0.1-0.5 0.2-1.1 0.2-1.6 0-0.7-0.1-1.1-0.2-1.6-0.3-1.4 0.1 0.5 0 0zM20.6 17.3c0 0.4-0.4 0.8-0.8 0.8h-7.7c-0.4 0-0.8-0.4-0.8-0.8v-4.6c0-0.4 0.4-0.8 0.8-0.8h0.2l0-1.6c0-0.9 0-1.8 0.1-2 0.1-0.6 0.6-1.2 1.1-1.7s1.1-0.7 1.9-0.8c1.8-0.3 3.7 0.7 4.2 2.2 0.1 0.3 0.1 0.7 0.1 2.1v0 1.7h0.1c0.4 0 0.8 0.4 0.8 0.8v4.6zM15.6 7.3c-0.5 0.1-0.8 0.3-1.2 0.6s-0.6 0.8-0.7 1.3c0 0.2 0 0.8 0 1.5l0 1.2h4.6v-1.3c0-1 0-1.4-0.1-1.6-0.3-1.1-1.5-1.9-2.6-1.7zM25.8 28.2c0 1.2-1 2.2-2.1 2.2s-2.1-1-2.1-2.1c0-1.2 1-2.1 2.2-2.1s2.2 1 2.2 2.2zM18.1 28.2c0 1.2-1 2.2-2.1 2.2s-2.1-1-2.1-2.1c0-1.2 1-2.1 2.2-2.1s2.2 1 2.2 2.2zM10.4 28.2c0 1.2-1 2.2-2.1 2.2s-2.1-1-2.1-2.1c0-1.2 1-2.1 2.2-2.1s2.2 1 2.2 2.2z\"\/><\/svg><\/span><span class=\"shariff-text\">teilen<\/span>&nbsp;<\/a><\/li><li class=\"shariff-button tumblr shariff-nocustomcolor\" style=\"background-color:#529ecc\"><a href=\"https:\/\/www.tumblr.com\/widgets\/share\/tool?posttype=link&canonicalUrl=https%3A%2F%2Fdampffreiheit.de%2Fblog%2F2020%2F03%2Fde-ig-exr-dampfen-sars-cov-2-und-covid-19%2F&tags=dampffreiheit.de\" title=\"Bei tumblr teilen\" aria-label=\"Bei tumblr teilen\" role=\"button\" rel=\"noopener nofollow\" class=\"shariff-link\" style=\"; background-color:#36465d; color:#fff\" target=\"_blank\"><span class=\"shariff-icon\" style=\"\"><svg width=\"32px\" height=\"20px\" xmlns=\"http:\/\/www.w3.org\/2000\/svg\" viewBox=\"0 0 32 32\"><path fill=\"#36465d\" d=\"M18 14l0 7.3c0 1.9 0 2.9 0.2 3.5 0.2 0.5 0.7 1.1 1.2 1.4 0.7 0.4 1.5 0.6 2.4 0.6 1.6 0 2.6-0.2 4.2-1.3v4.8c-1.4 0.6-2.6 1-3.7 1.3-1.1 0.3-2.3 0.4-3.6 0.4-1.5 0-2.3-0.2-3.4-0.6-1.1-0.4-2.1-0.9-2.9-1.6-0.8-0.7-1.3-1.4-1.7-2.2s-0.5-1.9-0.5-3.4v-11.2h-4.3v-4.5c1.3-0.4 2.7-1 3.6-1.8 0.9-0.8 1.6-1.7 2.2-2.7 0.5-1.1 0.9-2.4 1.1-4.1h5.2l0 8h8v6h-8z\"\/><\/svg><\/span><span class=\"shariff-text\">teilen<\/span>&nbsp;<\/a><\/li><li class=\"shariff-button reddit shariff-nocustomcolor\" style=\"background-color:#ff5700\"><a href=\"https:\/\/www.reddit.com\/submit?url=https%3A%2F%2Fdampffreiheit.de%2Fblog%2F2020%2F03%2Fde-ig-exr-dampfen-sars-cov-2-und-covid-19%2F\" title=\"Bei Reddit teilen\" aria-label=\"Bei Reddit teilen\" role=\"button\" rel=\"noopener nofollow\" class=\"shariff-link\" style=\"; background-color:#ff4500; color:#fff\" target=\"_blank\"><span class=\"shariff-icon\" style=\"\"><svg xmlns=\"http:\/\/www.w3.org\/2000\/svg\" viewBox=\"0 0 512 512\"><path fill=\"#ff4500\" d=\"M440.3 203.5c-15 0-28.2 6.2-37.9 15.9-35.7-24.7-83.8-40.6-137.1-42.3L293 52.3l88.2 19.8c0 21.6 17.6 39.2 39.2 39.2 22 0 39.7-18.1 39.7-39.7s-17.6-39.7-39.7-39.7c-15.4 0-28.7 9.3-35.3 22l-97.4-21.6c-4.9-1.3-9.7 2.2-11 7.1L246.3 177c-52.9 2.2-100.5 18.1-136.3 42.8-9.7-10.1-23.4-16.3-38.4-16.3-55.6 0-73.8 74.6-22.9 100.1-1.8 7.9-2.6 16.3-2.6 24.7 0 83.8 94.4 151.7 210.3 151.7 116.4 0 210.8-67.9 210.8-151.7 0-8.4-.9-17.2-3.1-25.1 49.9-25.6 31.5-99.7-23.8-99.7zM129.4 308.9c0-22 17.6-39.7 39.7-39.7 21.6 0 39.2 17.6 39.2 39.7 0 21.6-17.6 39.2-39.2 39.2-22 .1-39.7-17.6-39.7-39.2zm214.3 93.5c-36.4 36.4-139.1 36.4-175.5 0-4-3.5-4-9.7 0-13.7 3.5-3.5 9.7-3.5 13.2 0 27.8 28.5 120 29 149 0 3.5-3.5 9.7-3.5 13.2 0 4.1 4 4.1 10.2.1 13.7zm-.8-54.2c-21.6 0-39.2-17.6-39.2-39.2 0-22 17.6-39.7 39.2-39.7 22 0 39.7 17.6 39.7 39.7-.1 21.5-17.7 39.2-39.7 39.2z\"\/><\/svg><\/span><span class=\"shariff-text\">teilen<\/span>&nbsp;<\/a><\/li><li class=\"shariff-button whatsapp shariff-nocustomcolor\" style=\"background-color:#5cbe4a\"><a href=\"https:\/\/api.whatsapp.com\/send?text=https%3A%2F%2Fdampffreiheit.de%2Fblog%2F2020%2F03%2Fde-ig-exr-dampfen-sars-cov-2-und-covid-19%2F%20%5BDE%5D%20IG-ExR%20%E2%80%93%20Dampfen%2C%20SARS-CoV-2%20und%20COVID-19\" title=\"Bei Whatsapp teilen\" aria-label=\"Bei Whatsapp teilen\" role=\"button\" rel=\"noopener nofollow\" class=\"shariff-link\" style=\"; background-color:#34af23; color:#fff\" target=\"_blank\"><span class=\"shariff-icon\" style=\"\"><svg width=\"32px\" height=\"20px\" xmlns=\"http:\/\/www.w3.org\/2000\/svg\" viewBox=\"0 0 32 32\"><path fill=\"#34af23\" d=\"M17.6 17.4q0.2 0 1.7 0.8t1.6 0.9q0 0.1 0 0.3 0 0.6-0.3 1.4-0.3 0.7-1.3 1.2t-1.8 0.5q-1 0-3.4-1.1-1.7-0.8-3-2.1t-2.6-3.3q-1.3-1.9-1.3-3.5v-0.1q0.1-1.6 1.3-2.8 0.4-0.4 0.9-0.4 0.1 0 0.3 0t0.3 0q0.3 0 0.5 0.1t0.3 0.5q0.1 0.4 0.6 1.6t0.4 1.3q0 0.4-0.6 1t-0.6 0.8q0 0.1 0.1 0.3 0.6 1.3 1.8 2.4 1 0.9 2.7 1.8 0.2 0.1 0.4 0.1 0.3 0 1-0.9t0.9-0.9zM14 26.9q2.3 0 4.3-0.9t3.6-2.4 2.4-3.6 0.9-4.3-0.9-4.3-2.4-3.6-3.6-2.4-4.3-0.9-4.3 0.9-3.6 2.4-2.4 3.6-0.9 4.3q0 3.6 2.1 6.6l-1.4 4.2 4.3-1.4q2.8 1.9 6.2 1.9zM14 2.2q2.7 0 5.2 1.1t4.3 2.9 2.9 4.3 1.1 5.2-1.1 5.2-2.9 4.3-4.3 2.9-5.2 1.1q-3.5 0-6.5-1.7l-7.4 2.4 2.4-7.2q-1.9-3.2-1.9-6.9 0-2.7 1.1-5.2t2.9-4.3 4.3-2.9 5.2-1.1z\"\/><\/svg><\/span><span class=\"shariff-text\">teilen<\/span>&nbsp;<\/a><\/li><li class=\"shariff-button info shariff-nocustomcolor\" style=\"background-color:#a8a8a8\"><a href=\"http:\/\/ct.de\/-2467514\" title=\"Weitere Informationen\" aria-label=\"Weitere Informationen\" role=\"button\" rel=\"noopener \" class=\"shariff-link\" style=\"; background-color:#999; color:#fff\" target=\"_blank\"><span class=\"shariff-icon\" style=\"\"><svg width=\"32px\" height=\"20px\" xmlns=\"http:\/\/www.w3.org\/2000\/svg\" viewBox=\"0 0 11 32\"><path fill=\"#999\" d=\"M11.4 24v2.3q0 0.5-0.3 0.8t-0.8 0.4h-9.1q-0.5 0-0.8-0.4t-0.4-0.8v-2.3q0-0.5 0.4-0.8t0.8-0.4h1.1v-6.8h-1.1q-0.5 0-0.8-0.4t-0.4-0.8v-2.3q0-0.5 0.4-0.8t0.8-0.4h6.8q0.5 0 0.8 0.4t0.4 0.8v10.3h1.1q0.5 0 0.8 0.4t0.3 0.8zM9.2 3.4v3.4q0 0.5-0.4 0.8t-0.8 0.4h-4.6q-0.4 0-0.8-0.4t-0.4-0.8v-3.4q0-0.4 0.4-0.8t0.8-0.4h4.6q0.5 0 0.8 0.4t0.4 0.8z\"\/><\/svg><\/span><\/a><\/li><\/ul><\/div>","protected":false},"excerpt":{"rendered":"<p>Die Interessengemeinschaft ExRaucher (IG-ExR) hat das Dokument &#8222;VAPING AND SARS-CoV-2 AND COVID-19 TECHNICAL INFORMATION FOR VAPERS&#8222;\u00a0 von Prof. Roberto Sussman und Prof. Carmen Escrig zum Thema Dampfen und COVID-19 \u00fcbersetzt.<\/p>\n","protected":false},"author":1,"featured_media":8582,"comment_status":"open","ping_status":"open","sticky":false,"template":"","format":"standard","meta":{"_sitemap_exclude":false,"_sitemap_priority":"","_sitemap_frequency":"","footnotes":""},"categories":[1429,14],"tags":[1500,20,22,1303,1505,1507,1506,1508],"class_list":["post-8566","post","type-post","status-publish","format-standard","has-post-thumbnail","hentry","category-verbaende","category-verbrauchverbaende","tag-covid-19","tag-dampfen","tag-e-zigarette","tag-ig-exr","tag-interessengemeinschaft-exraucher","tag-prof-carmen-escrig","tag-prof-roberto-sussman","tag-sars-cov-2"],"_links":{"self":[{"href":"https:\/\/dampffreiheit.de\/blog\/wp-json\/wp\/v2\/posts\/8566","targetHints":{"allow":["GET"]}}],"collection":[{"href":"https:\/\/dampffreiheit.de\/blog\/wp-json\/wp\/v2\/posts"}],"about":[{"href":"https:\/\/dampffreiheit.de\/blog\/wp-json\/wp\/v2\/types\/post"}],"author":[{"embeddable":true,"href":"https:\/\/dampffreiheit.de\/blog\/wp-json\/wp\/v2\/users\/1"}],"replies":[{"embeddable":true,"href":"https:\/\/dampffreiheit.de\/blog\/wp-json\/wp\/v2\/comments?post=8566"}],"version-history":[{"count":0,"href":"https:\/\/dampffreiheit.de\/blog\/wp-json\/wp\/v2\/posts\/8566\/revisions"}],"wp:featuredmedia":[{"embeddable":true,"href":"https:\/\/dampffreiheit.de\/blog\/wp-json\/wp\/v2\/media\/8582"}],"wp:attachment":[{"href":"https:\/\/dampffreiheit.de\/blog\/wp-json\/wp\/v2\/media?parent=8566"}],"wp:term":[{"taxonomy":"category","embeddable":true,"href":"https:\/\/dampffreiheit.de\/blog\/wp-json\/wp\/v2\/categories?post=8566"},{"taxonomy":"post_tag","embeddable":true,"href":"https:\/\/dampffreiheit.de\/blog\/wp-json\/wp\/v2\/tags?post=8566"}],"curies":[{"name":"wp","href":"https:\/\/api.w.org\/{rel}","templated":true}]}}