{"id":13120,"date":"2024-05-29T16:47:48","date_gmt":"2024-05-29T14:47:48","guid":{"rendered":"https:\/\/ch-lippmann.de\/blog\/dampffreiheit\/?p=13120"},"modified":"2024-06-02T14:37:20","modified_gmt":"2024-06-02T12:37:20","slug":"de-weltnichtrauchertag-pervertiert-zum-welt-anti-thr-tag","status":"publish","type":"post","link":"https:\/\/dampffreiheit.de\/blog\/2024\/05\/de-weltnichtrauchertag-pervertiert-zum-welt-anti-thr-tag\/","title":{"rendered":"[DE] Weltnichtrauchertag pervertiert zum Welt-Anti-THR-Tag"},"content":{"rendered":"<p><span style=\"font-weight: 400;\">In den letzten Jahren wurde, anstatt Tabakrauchen zu gei\u00dfeln, der Fokus immer mehr auf sicherere Nikotinalternativen wie die E-Zigarette\/E-Dampfe und neuerdings auch orale Tabakalternativen (DGP)\u00a0 durch die WHO und ihre Gefolgschaft gelegt.<\/span><!--more--><\/p>\n<p><span style=\"font-weight: 400;\">Es ist mittlerweile schon mehr als erschreckend, dass von den Akteuren nun bald gar niemand mehr \u00fcber Rauchen, Rauchfolgen bis hin zum Tod spricht. Alle arbeiten sich, wie auf Absprache, nur noch an der Dampfe ab.<\/span><\/p>\n<p><span style=\"font-weight: 400;\">Dieses Jahr ist es besonders heftig. Aus allen medialen Rohren wird gegen das Dampfen geschossen. Allen voran die WHO, welche auf Twitter zum Gl\u00fcck daf\u00fcr jede Menge Community Notes mit detaillierten Klarstellungen sammelt, aber die wom\u00f6glich noch f\u00fcr Troph\u00e4en oder gar Auszeichnungen h\u00e4lt.<\/span><\/p>\n<p><span style=\"font-weight: 400;\">Die Desinformation ist mittlerweile unertr\u00e4glich.<\/span><\/p>\n<p><span style=\"font-weight: 400;\">In Deutschland, unter Federf\u00fchrung der WHO-Kollaborationsstelle f\u00fcr Tabakkontrolle mit Sitz im DKFZ mit freundlichster Unterst\u00fctzung der Krebshilfe Bonn und der Pharmalobby ABNR e.V., werden insbesondere die Einweg-Dampfen als Aufh\u00e4nger genommen.\u00a0<\/span><\/p>\n<p><span style=\"font-weight: 400;\">Unter dem Motto, \u201c&#8220;<\/span><b><i>#AussenNiceInnenToxisch<\/i><\/b><span style=\"font-weight: 400;\">&#8220; \u201c<span id='easy-footnote-1-13120' class='easy-footnote-margin-adjust'><\/span><span class='easy-footnote'><a href='https:\/\/dampffreiheit.de\/blog\/2024\/05\/de-weltnichtrauchertag-pervertiert-zum-welt-anti-thr-tag\/#easy-footnote-bottom-1-13120' title='&lt;\/span&gt;&lt;a href=&quot;https:\/\/www.dkfz.de\/de\/presse\/pressemitteilungen\/2024\/dkfz-pm-24-32-Weltnichtrauchertag-2024.php&quot; target=&quot;_blank&quot; rel=&quot;noopener&quot;&gt;&lt;span style=&quot;font-weight: 400;&quot;&gt;https:\/\/www.dkfz.de\/de\/presse\/pressemitteilungen\/2024\/dkfz-pm-24-32-Weltnichtrauchertag-2024.php&lt;\/span&gt;&lt;\/a&gt;&lt;span style=&quot;font-weight: 400;&quot;&gt; &amp;#8211; [&lt;\/span&gt;&lt;a href=&quot;https:\/\/web.archive.org\/web\/20240528151144\/https:\/\/www.dkfz.de\/de\/presse\/pressemitteilungen\/2024\/dkfz-pm-24-32-Weltnichtrauchertag-2024.php&quot; target=&quot;_blank&quot; rel=&quot;noopener&quot;&gt;&lt;span style=&quot;font-weight: 400;&quot;&gt;Archivlink&lt;\/span&gt;&lt;\/a&gt;&lt;span style=&quot;font-weight: 400;&quot;&gt;]'><sup>1<\/sup><\/a><\/span>, wird die immer gleiche Leier wiederholt: Nikotin macht sofort abh\u00e4ngig, Aerosol ist sch\u00e4dlich, Aromen verf\u00fchren Kinder und Jugendliche etc.<\/span><\/p>\n<p><span style=\"font-weight: 400;\">Hier wird das vergleichsweise \u00e4u\u00dferst geringe Risiko des Dampfens auf eine Stufe mit dem sehr hohen Risiko des Tabakrauchens gestellt.<\/span><\/p>\n<p><span style=\"font-weight: 400;\">Dies wird unweigerlich dazu f\u00fchren, entweder das Jugendliche aus Trotz erst recht das Dampfen ausprobieren, oder dass sie wieder vermehrt zur Kippe greifen. Zudem ist die allseits vorgebrachte [IFT-Nord, Hanewinkel] Behauptung, E-Zigaretten seien das beliebteste nikotinhaltige Produkt schlichtweg falsch.<\/span><\/p>\n<p><span style=\"font-weight: 400;\">Die DEBRA-Studie zeigt hier eindeutig, dass das Dampfen unter Jugendlichen eben nicht das Problem ist, sondern immer noch das Rauchen <span id='easy-footnote-2-13120' class='easy-footnote-margin-adjust'><\/span><span class='easy-footnote'><a href='https:\/\/dampffreiheit.de\/blog\/2024\/05\/de-weltnichtrauchertag-pervertiert-zum-welt-anti-thr-tag\/#easy-footnote-bottom-2-13120' title='&lt;\/span&gt;&lt;a href=&quot;https:\/\/www.debra-study.info\/&quot; target=&quot;_blank&quot; rel=&quot;noopener&quot;&gt;&lt;span style=&quot;font-weight: 400;&quot;&gt;https:\/\/www.debra-study.info\/&lt;\/span&gt;&lt;\/a&gt;&lt;span style=&quot;font-weight: 400;&quot;&gt; '><sup>2<\/sup><\/a><\/span>. 2,3% dampfen vs. 14,9% rauchen. Darin ist sicherlich auch der Probierkonsum und nicht nur regelm\u00e4\u00dfiger Konsum gelistet. Dies zeigt auch negativ eindrucksvoll die Ver\u00f6ffentlichungen des DGP mit IFT Nord zum aktuellen Weltnichtrauchertag <span id='easy-footnote-3-13120' class='easy-footnote-margin-adjust'><\/span><span class='easy-footnote'><a href='https:\/\/dampffreiheit.de\/blog\/2024\/05\/de-weltnichtrauchertag-pervertiert-zum-welt-anti-thr-tag\/#easy-footnote-bottom-3-13120' title='&lt;\/span&gt;&lt;a href=&quot;https:\/\/nachrichten.idw-online.de\/2024\/05\/28\/zum-weltnichtrauchertag-am-31-mai-aromen-verbot-fuer-e-zigaretten-tabakentwoehnung-finanzieren-jugendliche-aufklaeren&quot; target=&quot;_blank&quot; rel=&quot;noopener&quot;&gt;&lt;span style=&quot;font-weight: 400;&quot;&gt;https:\/\/nachrichten.idw-online.de\/2024\/05\/28\/zum-weltnichtrauchertag-am-31-mai-aromen-verbot-fuer-e-zigaretten-tabakentwoehnung-finanzieren-jugendliche-aufklaeren&lt;\/span&gt;&lt;\/a&gt;&lt;span style=&quot;font-weight: 400;&quot;&gt; &amp;#8211; [&lt;\/span&gt;&lt;a href=&quot;https:\/\/web.archive.org\/web\/20240529125939\/https:\/\/nachrichten.idw-online.de\/2024\/05\/28\/zum-weltnichtrauchertag-am-31-mai-aromen-verbot-fuer-e-zigaretten-tabakentwoehnung-finanzieren-jugendliche-aufklaeren&quot; target=&quot;_blank&quot; rel=&quot;noopener&quot;&gt;&lt;span style=&quot;font-weight: 400;&quot;&gt;Archivlink&lt;\/span&gt;&lt;\/a&gt;&lt;span style=&quot;font-weight: 400;&quot;&gt;]'><sup>3<\/sup><\/a><\/span>.<\/span><\/p>\n<p><span style=\"font-weight: 400;\">Das bedeutet: hier wird aus moralischer Panik, gepaart mit Ideologie und Gier auf Steuergeld das Dampfen schlecht gemacht und eine M\u00fccke zum Elefanten aufgeblasen.<\/span><\/p>\n<p><span style=\"font-weight: 400;\">Die Bundespolitik ist durch \u201c<\/span><i><span style=\"font-weight: 400;\">hervorragende<\/span><\/i><span style=\"font-weight: 400;\">\u201d Lobbyarbeit der Tabakkontrolle und Anh\u00e4ngsel gut gebrieft, denn sie wiederholt brav das Mantra <span id='easy-footnote-4-13120' class='easy-footnote-margin-adjust'><\/span><span class='easy-footnote'><a href='https:\/\/dampffreiheit.de\/blog\/2024\/05\/de-weltnichtrauchertag-pervertiert-zum-welt-anti-thr-tag\/#easy-footnote-bottom-4-13120' title=' &lt;\/span&gt;&lt;a href=&quot;https:\/\/www.aerztezeitung.de\/Politik\/Regierung-plant-keine-hoehere-Tabaksteuer-449847.html&quot; target=&quot;_blank&quot; rel=&quot;noopener&quot;&gt;&lt;span style=&quot;font-weight: 400;&quot;&gt;https:\/\/www.aerztezeitung.de\/Politik\/Regierung-plant-keine-hoehere-Tabaksteuer-449847.html&lt;\/span&gt;&lt;\/a&gt;&lt;span style=&quot;font-weight: 400;&quot;&gt; &amp;#8211; [&lt;\/span&gt;&lt;a href=&quot;https:\/\/web.archive.org\/web\/20240524152444\/https:\/\/www.aerztezeitung.de\/Politik\/Regierung-plant-keine-hoehere-Tabaksteuer-449847.html&quot; target=&quot;_blank&quot; rel=&quot;noopener&quot;&gt;&lt;span style=&quot;font-weight: 400;&quot;&gt;Archivlink&lt;\/span&gt;&lt;\/a&gt;&lt;span style=&quot;font-weight: 400;&quot;&gt;]'><sup>4<\/sup><\/a><\/span>:<\/span><\/p>\n<p><span style=\"font-weight: 400;\">\u201eE-Zigaretten keine Produkte zur Tabakentw\u00f6hnung\u201c<\/span><\/p>\n<p><span style=\"font-weight: 400;\">Ignoranz auf voller Linie, denn der wissenschaftliche Goldstandard, Cochrane, belegt wiederholt, dass E-Dampfprodukte sehr wohl ein hervorragendes Produkt f\u00fcr den Rauchstopp ist <span id='easy-footnote-5-13120' class='easy-footnote-margin-adjust'><\/span><span class='easy-footnote'><a href='https:\/\/dampffreiheit.de\/blog\/2024\/05\/de-weltnichtrauchertag-pervertiert-zum-welt-anti-thr-tag\/#easy-footnote-bottom-5-13120' title='&lt;\/span&gt;&lt;a href=&quot;https:\/\/www.cochrane.org\/news\/latest-cochrane-review-finds-high-certainty-evidence-nicotine-e-cigarettes-are-more-effective&quot; target=&quot;_blank&quot; rel=&quot;noopener&quot;&gt;&lt;span style=&quot;font-weight: 400;&quot;&gt;https:\/\/www.cochrane.org\/news\/latest-cochrane-review-finds-high-certainty-evidence-nicotine-e-cigarettes-are-more-effective&lt;\/span&gt;&lt;\/a&gt;&lt;span style=&quot;font-weight: 400;&quot;&gt; '><sup>5<\/sup><\/a><\/span>.<\/span><\/p>\n<p><b>Ganz wichtig<\/b><span style=\"font-weight: 400;\">: Zudem ist es f\u00fcr uns Dampfer ein wunderbares Genussmittel, welches dabei hilft, nicht wieder r\u00fcckf\u00e4llig zu werden.<\/span><\/p>\n<p><span style=\"font-weight: 400;\">Alles mit Welt-Gesundheit und Tabakkontrolle im Namen sollte sich einfach nur noch sch\u00e4men f\u00fcr diese bewusst lancierte T\u00e4uschung der Menschen. Dazu aber w\u00fcrde ein einigerma\u00dfen intakter ethisch-moralischer Kompass geh\u00f6ren.<\/span><\/p>\n<p><span style=\"font-weight: 400;\">Apropos Moral. Oder besser gleich Doppelmoral.\u00a0<\/span><\/p>\n<p><span style=\"font-weight: 400;\">Die Haltung der WHO l\u00e4sst langsam kaum noch Zweifel an folgendem Plot:<\/span><\/p>\n<p><span style=\"font-weight: 400;\">Viagra als der Kassenschlager der Pharmaindustrie ist l\u00e4ngst abgel\u00f6st von Raucherentw\u00f6hnungsprodukten und entsprechenden verschreibungspflichtigen Pharmaka. Die pharmazeutische Industrie ist aber gleichzeitig einer der Hauptfinanziers der WHO. Und hat deswegen einen bedeutenden Einfluss auf deren Ausrichtung. Was ihr \u00fcber deren Aktivit\u00e4ten in Bezug auf Aufrufe zum Rauchstopp insoweit sehr von Nutzen ist, da grunds\u00e4tzlich nur pharmakotherapeutische Interventionen oder NRT-Produkte empfohlen werden.<\/span><\/p>\n<p><span style=\"font-weight: 400;\">Dampfen aber f\u00fchrt nat\u00fcrlich auch zum Rauchstopp. Nur eben an deren Kassen vorbei.\u00a0<\/span><\/p>\n<p><span style=\"font-weight: 400;\">Und dummerweise ist jeder neue Nichtraucher ein verlorener potentieller Kunde. Was also braucht es, damit das Gesch\u00e4ftsmodell eintr\u00e4glich weiterl\u00e4uft? Raucher! Eigentlich jede Menge davon. Auch Neueinsteiger.<\/span><\/p>\n<p><span style=\"font-weight: 400;\">Daher wundert es \u00fcberhaupt nicht, wenn die WHO Staatenlenkern Goldmedallien umh\u00e4ngt, sobald sie das Dampfen verboten haben. Aber kein einziges Wort verliert, wenn dort sogleich eine neue Tabakfabrik eingeweiht wird. Oder der Staat den Haupteigner der Tabakproduktion verk\u00f6rpert. Kein einziges.<\/span><\/p>\n<p><span style=\"font-weight: 400;\">\u2018Rauchen f\u00fcr den Staat\u2019 titelte vor einigen Jahren der Spiegel \u00fcber diese Verh\u00e4ltnisse in China, da Tabakverkauf und Steuern daraus eine bedeutende staatliche Einnahmequelle darstellen.<\/span><\/p>\n<p><span style=\"font-weight: 400;\">Die WHO sozusagen umtriebig als Doppelagent. D\u00fcrfen mit ihrer Tabakkontrolle den Bogen nicht \u00fcberspannen und das Rauchen ja nicht zu sehr einschr\u00e4nken, sonst sind die Financiers arg verschnupft ob der zuk\u00fcnftig fehlenden Ums\u00e4tze mit ihren Entw\u00f6hnungsprodukten. Und besonders in den USA w\u00e4re das Finanzierungsmodell etlicher Bundesl\u00e4nder mehr als schwer gef\u00e4hrdet (MSA).<\/span><\/p>\n<p><span style=\"font-weight: 400;\">Hierzulande wird der fiskalische Ertrag aus dem Rauchen stets k\u00fcnstlich kleingeredet gegen\u00fcber den Zahlenjonglagen seiner Folgekosten. Dabei wird grunds\u00e4tzlich nur die Tabaksteuer ausgewiesen, nicht aber die noch obenauf veranschlagte Mehrwertsteuer auf alle Tabakprodukte. In Summe stellt das eine erhebliche und unverzichtbare Gr\u00f6\u00dfe im Staats\u00e4ckel, aber auch der kommunalen Finanzierung dar!<\/span><\/p>\n<p><span style=\"font-weight: 400;\">Und von daher ist weder Eile noch Handlungsbedarf erkennbar, nennenswert an der Raucherzahl etwas \u00e4ndern zu wollen. Am Wildwuchs im Dampf-Segment vorerst auch nicht. Werbeverbote haben wir. Auch im multimedialen Bereich, also Influencer in den sozialen Medien. Alles klar geregelt. Ebenso ein striktes Abgabeverbot an Jugendliche unter 18 Jahren. Chronische Mi\u00dfachtung all dessen bleibt nahezu folgenlos! Illegale, unversteuerte und gef\u00e4lschte Einwegvapes eingeschlossen. Der Staat unternimmt wenig bis gar nichts dagegen. Laissez-faire mit Absicht.<\/span><\/p>\n<p><span style=\"font-weight: 400;\">Denn daf\u00fcr lassen sich subalterne Daueremp\u00f6rte&#x2122; trefflich einspannen. Die mit ihrem fortw\u00e4hrenden Geklapper und Rasseln dieses Versagen in punkto Verfolgung von Verst\u00f6\u00dfen geschickt auf das Produkt als Verursacher umm\u00fcnzen. Ihr merkantiler Vorteil daraus ist bestimmt ebenfalls gesichert.<\/span><\/p>\n<p><span style=\"font-weight: 400;\">Und der Staat l\u00e4sst diese kakophonische Dauerschleife solange weiterlaufen, bis die Nutzerzahlen derart gesunken sind, dass es auf die dann gefallenen Steuereink\u00fcnfte daraus nun auch nicht mehr ankommt. Und macht dann den Sack endg\u00fcltig zu.<\/span><\/p>\n<p><span style=\"font-weight: 400;\">Dampfen wird als tempor\u00e4re Amphibien-Erkrankung in die Annalen eingehen.<\/span><\/p>\n<blockquote><p><span style=\"font-weight: 400;\">\u201cDrei Tage war der Frosch so krank &#8211; jetzt raucht er wieder. Gott sei Dank!&#8220;<\/span><\/p>\n<p><span style=\"font-weight: 400;\">\u2014 Wilhelm Busch<\/span><\/p><\/blockquote>\n<p><span style=\"font-weight: 400;\">Das als Meme bekannte Schaubild \u201c<em>Cancer Mafia<\/em>\u201d-Karussell mu\u00df sich zwangsweise immer weiter drehen.<\/span><\/p>\n<figure id=\"attachment_13123\" aria-describedby=\"caption-attachment-13123\" style=\"width: 236px\" class=\"wp-caption aligncenter\"><a href=\"https:\/\/dampffreiheit.de\/blog\/wp-content\/uploads\/2024\/05\/cancer_mafia.jpg\"><img loading=\"lazy\" decoding=\"async\" class=\"wp-image-13123 size-medium\" src=\"https:\/\/dampffreiheit.de\/blog\/wp-content\/uploads\/2024\/05\/cancer_mafia-236x300.jpg\" alt=\"\" width=\"236\" height=\"300\" srcset=\"https:\/\/dampffreiheit.de\/blog\/wp-content\/uploads\/2024\/05\/cancer_mafia-236x300.jpg 236w, https:\/\/dampffreiheit.de\/blog\/wp-content\/uploads\/2024\/05\/cancer_mafia-807x1024.jpg 807w, https:\/\/dampffreiheit.de\/blog\/wp-content\/uploads\/2024\/05\/cancer_mafia-768x974.jpg 768w, https:\/\/dampffreiheit.de\/blog\/wp-content\/uploads\/2024\/05\/cancer_mafia-1211x1536.jpg 1211w, https:\/\/dampffreiheit.de\/blog\/wp-content\/uploads\/2024\/05\/cancer_mafia-1614x2048.jpg 1614w, https:\/\/dampffreiheit.de\/blog\/wp-content\/uploads\/2024\/05\/cancer_mafia-1000x1269.jpg 1000w, https:\/\/dampffreiheit.de\/blog\/wp-content\/uploads\/2024\/05\/cancer_mafia-230x292.jpg 230w, https:\/\/dampffreiheit.de\/blog\/wp-content\/uploads\/2024\/05\/cancer_mafia-350x444.jpg 350w, https:\/\/dampffreiheit.de\/blog\/wp-content\/uploads\/2024\/05\/cancer_mafia-480x609.jpg 480w, https:\/\/dampffreiheit.de\/blog\/wp-content\/uploads\/2024\/05\/cancer_mafia-1320x1675.jpg 1320w, https:\/\/dampffreiheit.de\/blog\/wp-content\/uploads\/2024\/05\/cancer_mafia.jpg 1920w\" sizes=\"auto, (max-width: 236px) 100vw, 236px\" \/><\/a><figcaption id=\"caption-attachment-13123\" class=\"wp-caption-text\">Meme &#8222;Cancer Mafia&#8220;<\/figcaption><\/figure>\n<p><span style=\"font-weight: 400;\">Viel zu viel Geld wird dabei umgesetzt, als dass nur einer der Beteiligten darauf verzichten w\u00fcrde. Zudem gewisserma\u00dfen als Produktionsr\u00fcckstand um die Vermarktung blauen Dunstes noch etliche <em>Daueremp\u00f6rte<\/em>&#x2122; in Festanstellung daraus ihr Einkommen sichern.<\/span><\/p>\n<p><span style=\"font-weight: 400;\">Wir leben in Orwellschen Zeiten: Krieg ist Frieden und Dampfen schlimmer als Rauchen.<\/span><\/p>\n<p><span style=\"font-size: 10pt;\">Text: Kroll5 &amp; DampfFreiheit<\/span><\/p>\n<p><strong>Weiterf\u00fchrende Informationen<\/strong><\/p>\n<ul>\n<li><strong>[HU] Dampfdruck-Presse:<\/strong> <a href=\"https:\/\/dampfdruck-presse.hu\/am-31-mai-2024-ist-weltnichtdampfertag\/\" target=\"_blank\" rel=\"noopener\">Am 31. Mai 2024 ist Weltnichtdampfertag<\/a><\/li>\n<li><strong>[DE] BVRA:<\/strong> <a href=\"https:\/\/bvra.info\/politik\/pressemitteilung-aussen-nice-innen-thema-verfehlt\/\" target=\"_blank\" rel=\"noopener\">Pressemitteilung: Au\u00dfen nice \u2013 innen Thema verfehlt<\/a> &#8211; [<a href=\"https:\/\/web.archive.org\/web\/20240530162948\/https:\/\/bvra.info\/politik\/pressemitteilung-aussen-nice-innen-thema-verfehlt\/\" target=\"_blank\" rel=\"noopener\">Archivlink<\/a>]<\/li>\n<li><strong>[DE] Prof. Dr. St\u00f6ver:<\/strong> <a href=\"https:\/\/idw-online.de\/de\/news834272\" target=\"_blank\" rel=\"noopener\">Statement: Weltnichtrauchertag am 31. Mai: Neustart in der Tabakpolitik notwendig<\/a> &#8211; [<a href=\"https:\/\/web.archive.org\/web\/20240529202354\/https:\/\/idw-online.de\/de\/news834272\" target=\"_blank\" rel=\"noopener\">Archivlink<\/a>]<\/li>\n<\/ul>\n<div class=\"shariff shariff-align-center shariff-widget-align-center\"><ul class=\"shariff-buttons theme-grey orientation-horizontal buttonsize-small\"><li class=\"shariff-button mailto shariff-nocustomcolor\" style=\"background-color:#a8a8a8\"><a href=\"mailto:?body=https%3A%2F%2Fdampffreiheit.de%2Fblog%2F2024%2F05%2Fde-weltnichtrauchertag-pervertiert-zum-welt-anti-thr-tag%2F&subject=%5BDE%5D%20Weltnichtrauchertag%20pervertiert%20zum%20Welt-Anti-THR-Tag\" title=\"Per E-Mail versenden\" aria-label=\"Per E-Mail versenden\" role=\"button\" rel=\"noopener nofollow\" class=\"shariff-link\" style=\"; background-color:#999; color:#fff\"><span class=\"shariff-icon\" style=\"\"><svg width=\"32px\" height=\"20px\" xmlns=\"http:\/\/www.w3.org\/2000\/svg\" viewBox=\"0 0 32 32\"><path fill=\"#999\" d=\"M32 12.7v14.2q0 1.2-0.8 2t-2 0.9h-26.3q-1.2 0-2-0.9t-0.8-2v-14.2q0.8 0.9 1.8 1.6 6.5 4.4 8.9 6.1 1 0.8 1.6 1.2t1.7 0.9 2 0.4h0.1q0.9 0 2-0.4t1.7-0.9 1.6-1.2q3-2.2 8.9-6.1 1-0.7 1.8-1.6zM32 7.4q0 1.4-0.9 2.7t-2.2 2.2q-6.7 4.7-8.4 5.8-0.2 0.1-0.7 0.5t-1 0.7-0.9 0.6-1.1 0.5-0.9 0.2h-0.1q-0.4 0-0.9-0.2t-1.1-0.5-0.9-0.6-1-0.7-0.7-0.5q-1.6-1.1-4.7-3.2t-3.6-2.6q-1.1-0.7-2.1-2t-1-2.5q0-1.4 0.7-2.3t2.1-0.9h26.3q1.2 0 2 0.8t0.9 2z\"\/><\/svg><\/span><span class=\"shariff-text\">E-Mail<\/span>&nbsp;<\/a><\/li><li class=\"shariff-button mastodon shariff-nocustomcolor\" style=\"background-color:#563ACC\"><a href=\"https:\/\/s2f.kytta.dev\/?text=%5BDE%5D%20Weltnichtrauchertag%20pervertiert%20zum%20Welt-Anti-THR-Tag https%3A%2F%2Fdampffreiheit.de%2Fblog%2F2024%2F05%2Fde-weltnichtrauchertag-pervertiert-zum-welt-anti-thr-tag%2F\" title=\"Bei Mastodon teilen\" aria-label=\"Bei Mastodon teilen\" role=\"button\" rel=\"noopener nofollow\" class=\"shariff-link\" style=\"; background-color:#6364FF; color:#fff\" target=\"_blank\"><span class=\"shariff-icon\" style=\"\"><svg width=\"75\" height=\"79\" viewBox=\"0 0 75 79\" fill=\"none\" xmlns=\"http:\/\/www.w3.org\/2000\/svg\"><path d=\"M37.813-.025C32.462-.058 27.114.13 21.79.598c-8.544.621-17.214 5.58-20.203 13.931C-1.12 23.318.408 32.622.465 41.65c.375 7.316.943 14.78 3.392 21.73 4.365 9.465 14.781 14.537 24.782 15.385 7.64.698 15.761-.213 22.517-4.026a54.1 54.1 0 0 0 .01-6.232c-6.855 1.316-14.101 2.609-21.049 1.074-3.883-.88-6.876-4.237-7.25-8.215-1.53-3.988 3.78-.43 5.584-.883 9.048 1.224 18.282.776 27.303-.462 7.044-.837 14.26-4.788 16.65-11.833 2.263-6.135 1.215-12.79 1.698-19.177.06-3.84.09-7.692-.262-11.52C72.596 7.844 63.223.981 53.834.684a219.453 219.453 0 0 0-16.022-.71zm11.294 12.882c5.5-.067 10.801 4.143 11.67 9.653.338 1.48.471 3 .471 4.515v21.088h-8.357c-.07-7.588.153-15.182-.131-22.765-.587-4.368-7.04-5.747-9.672-2.397-2.422 3.04-1.47 7.155-1.67 10.735v6.392h-8.307c-.146-4.996.359-10.045-.404-15.002-1.108-4.218-7.809-5.565-10.094-1.666-1.685 3.046-.712 6.634-.976 9.936v14.767h-8.354c.109-8.165-.238-16.344.215-24.5.674-5.346 5.095-10.389 10.676-10.627 4.902-.739 10.103 2.038 12.053 6.631.375 1.435 1.76 1.932 1.994.084 1.844-3.704 5.501-6.739 9.785-6.771.367-.044.735-.068 1.101-.073z\"\/><defs><linearGradient id=\"paint0_linear_549_34\" x1=\"37.0692\" y1=\"0\" x2=\"37.0692\" y2=\"79\" gradientUnits=\"userSpaceOnUse\"><stop stop-color=\"#6364FF\"\/><stop offset=\"1\" stop-color=\"#563ACC\"\/><\/linearGradient><\/defs><\/svg><\/span><span class=\"shariff-text\">teilen<\/span>&nbsp;<\/a><\/li><li class=\"shariff-button twitter shariff-nocustomcolor\" style=\"background-color:#595959\"><a href=\"https:\/\/twitter.com\/share?url=https%3A%2F%2Fdampffreiheit.de%2Fblog%2F2024%2F05%2Fde-weltnichtrauchertag-pervertiert-zum-welt-anti-thr-tag%2F&text=%5BDE%5D%20Weltnichtrauchertag%20pervertiert%20zum%20Welt-Anti-THR-Tag&via=DampfFreiheit\" title=\"Bei X teilen\" aria-label=\"Bei X teilen\" role=\"button\" rel=\"noopener nofollow\" class=\"shariff-link\" style=\"; background-color:#000; color:#fff\" target=\"_blank\"><span class=\"shariff-icon\" style=\"\"><svg width=\"32px\" height=\"20px\" xmlns=\"http:\/\/www.w3.org\/2000\/svg\" viewBox=\"0 0 24 24\"><path fill=\"#000\" d=\"M14.258 10.152L23.176 0h-2.113l-7.747 8.813L7.133 0H0l9.352 13.328L0 23.973h2.113l8.176-9.309 6.531 9.309h7.133zm-2.895 3.293l-.949-1.328L2.875 1.56h3.246l6.086 8.523.945 1.328 7.91 11.078h-3.246zm0 0\"\/><\/svg><\/span><span class=\"shariff-text\">teilen<\/span>&nbsp;<\/a><\/li><li class=\"shariff-button telegram shariff-nocustomcolor\" style=\"background-color:#4084A6\"><a href=\"https:\/\/telegram.me\/share\/url?url=https%3A%2F%2Fdampffreiheit.de%2Fblog%2F2024%2F05%2Fde-weltnichtrauchertag-pervertiert-zum-welt-anti-thr-tag%2F&text=%5BDE%5D%20Weltnichtrauchertag%20pervertiert%20zum%20Welt-Anti-THR-Tag\" title=\"Bei Telegram teilen\" aria-label=\"Bei Telegram teilen\" role=\"button\" rel=\"noopener nofollow\" class=\"shariff-link\" style=\"; background-color:#0088cc; color:#fff\" target=\"_blank\"><span class=\"shariff-icon\" style=\"\"><svg width=\"32px\" height=\"20px\" xmlns=\"http:\/\/www.w3.org\/2000\/svg\" viewBox=\"0 0 32 32\"><path fill=\"#0088cc\" d=\"M30.8 6.5l-4.5 21.4c-.3 1.5-1.2 1.9-2.5 1.2L16.9 24l-3.3 3.2c-.4.4-.7.7-1.4.7l.5-7L25.5 9.2c.6-.5-.1-.8-.9-.3l-15.8 10L2 16.7c-1.5-.5-1.5-1.5.3-2.2L28.9 4.3c1.3-.5 2.3.3 1.9 2.2z\"\/><\/svg><\/span><span class=\"shariff-text\">teilen<\/span>&nbsp;<\/a><\/li><li class=\"shariff-button diaspora shariff-nocustomcolor\" style=\"background-color:#b3b3b3\"><a href=\"https:\/\/share.diasporafoundation.org\/?url=https%3A%2F%2Fdampffreiheit.de%2Fblog%2F2024%2F05%2Fde-weltnichtrauchertag-pervertiert-zum-welt-anti-thr-tag%2F&title=%5BDE%5D%20Weltnichtrauchertag%20pervertiert%20zum%20Welt-Anti-THR-Tag\" title=\"Bei diaspora* teilen\" aria-label=\"Bei diaspora* teilen\" role=\"button\" rel=\"noopener nofollow\" class=\"shariff-link\" style=\"; background-color:#999; color:#fff\" target=\"_blank\"><span class=\"shariff-icon\" style=\"\"><svg width=\"32px\" height=\"20px\" xmlns=\"http:\/\/www.w3.org\/2000\/svg\" viewBox=\"0 0 33 32\"><path fill=\"#999\" d=\"M20.6 28.2c-0.8-1.2-2.1-2.9-2.9-4-0.8-1.1-1.4-1.9-1.4-1.9s-1.2 1.6-2.8 3.8c-1.5 2.1-2.8 3.8-2.8 3.8 0 0-5.5-3.9-5.5-3.9 0 0 1.2-1.8 2.8-4s2.8-4 2.8-4.1c0-0.1-0.5-0.2-4.4-1.5-2.4-0.8-4.4-1.5-4.4-1.5 0 0 0.2-0.8 1-3.2 0.6-1.8 1-3.2 1.1-3.3s2.1 0.6 4.6 1.5c2.5 0.8 4.6 1.5 4.6 1.5s0.1 0 0.1-0.1c0 0 0-2.2 0-4.8s0-4.7 0.1-4.7c0 0 0.7 0 3.3 0 1.8 0 3.3 0 3.4 0 0 0 0.1 1.4 0.2 4.6 0.1 5.2 0.1 5.3 0.2 5.3 0 0 2-0.7 4.5-1.5s4.4-1.5 4.4-1.5c0 0.1 2 6.5 2 6.5 0 0-2 0.7-4.5 1.5-3.4 1.1-4.5 1.5-4.5 1.6 0 0 1.2 1.8 2.6 3.9 1.5 2.1 2.6 3.9 2.6 3.9 0 0-5.4 4-5.5 4 0 0-0.7-0.9-1.5-2.1z\"\/><\/svg><\/span><span class=\"shariff-text\">teilen<\/span>&nbsp;<\/a><\/li><li class=\"shariff-button facebook shariff-nocustomcolor\" style=\"background-color:#4273c8\"><a href=\"https:\/\/www.facebook.com\/sharer\/sharer.php?u=https%3A%2F%2Fdampffreiheit.de%2Fblog%2F2024%2F05%2Fde-weltnichtrauchertag-pervertiert-zum-welt-anti-thr-tag%2F\" title=\"Bei Facebook teilen\" aria-label=\"Bei Facebook teilen\" role=\"button\" rel=\"nofollow\" class=\"shariff-link\" style=\"; background-color:#3b5998; color:#fff\" target=\"_blank\"><span class=\"shariff-icon\" style=\"\"><svg width=\"32px\" height=\"20px\" xmlns=\"http:\/\/www.w3.org\/2000\/svg\" viewBox=\"0 0 18 32\"><path fill=\"#3b5998\" d=\"M17.1 0.2v4.7h-2.8q-1.5 0-2.1 0.6t-0.5 1.9v3.4h5.2l-0.7 5.3h-4.5v13.6h-5.5v-13.6h-4.5v-5.3h4.5v-3.9q0-3.3 1.9-5.2t5-1.8q2.6 0 4.1 0.2z\"\/><\/svg><\/span><span class=\"shariff-text\">teilen<\/span>&nbsp;<\/a><\/li><li class=\"shariff-button threema shariff-nocustomcolor shariff-mobile\" style=\"background-color:#4fbc24\"><a href=\"threema:\/\/compose?text=%5BDE%5D%20Weltnichtrauchertag%20pervertiert%20zum%20Welt-Anti-THR-Tag%20https%3A%2F%2Fdampffreiheit.de%2Fblog%2F2024%2F05%2Fde-weltnichtrauchertag-pervertiert-zum-welt-anti-thr-tag%2F\" title=\"Bei Threema teilen\" aria-label=\"Bei Threema teilen\" role=\"button\" rel=\"noopener nofollow\" class=\"shariff-link\" style=\"; background-color:#1f1f1f; color:#fff\" target=\"_blank\"><span class=\"shariff-icon\" style=\"\"><svg width=\"32px\" height=\"20px\" xmlns=\"http:\/\/www.w3.org\/2000\/svg\" viewBox=\"0 0 32 32\"><path fill=\"#1f1f1f\" d=\"M30.8 10.9c-0.3-1.4-0.9-2.6-1.8-3.8-2-2.6-5.5-4.5-9.4-5.2-1.3-0.2-1.9-0.3-3.5-0.3s-2.2 0-3.5 0.3c-4 0.7-7.4 2.6-9.4 5.2-0.9 1.2-1.5 2.4-1.8 3.8-0.1 0.5-0.2 1.2-0.2 1.6 0 0.4 0.1 1.1 0.2 1.6 0.4 1.9 1.3 3.4 2.9 5 0.8 0.8 0.8 0.8 0.7 1.3 0 0.6-0.5 1.6-1.7 3.6-0.3 0.5-0.5 0.9-0.5 0.9 0 0.1 0.1 0.1 0.5 0 0.8-0.2 2.3-0.6 5.6-1.6 1.1-0.3 1.3-0.4 2.3-0.4 0.8 0 1.1 0 2.3 0.2 1.5 0.2 3.5 0.2 4.9 0 5.1-0.6 9.3-2.9 11.4-6.3 0.5-0.9 0.9-1.8 1.1-2.8 0.1-0.5 0.2-1.1 0.2-1.6 0-0.7-0.1-1.1-0.2-1.6-0.3-1.4 0.1 0.5 0 0zM20.6 17.3c0 0.4-0.4 0.8-0.8 0.8h-7.7c-0.4 0-0.8-0.4-0.8-0.8v-4.6c0-0.4 0.4-0.8 0.8-0.8h0.2l0-1.6c0-0.9 0-1.8 0.1-2 0.1-0.6 0.6-1.2 1.1-1.7s1.1-0.7 1.9-0.8c1.8-0.3 3.7 0.7 4.2 2.2 0.1 0.3 0.1 0.7 0.1 2.1v0 1.7h0.1c0.4 0 0.8 0.4 0.8 0.8v4.6zM15.6 7.3c-0.5 0.1-0.8 0.3-1.2 0.6s-0.6 0.8-0.7 1.3c0 0.2 0 0.8 0 1.5l0 1.2h4.6v-1.3c0-1 0-1.4-0.1-1.6-0.3-1.1-1.5-1.9-2.6-1.7zM25.8 28.2c0 1.2-1 2.2-2.1 2.2s-2.1-1-2.1-2.1c0-1.2 1-2.1 2.2-2.1s2.2 1 2.2 2.2zM18.1 28.2c0 1.2-1 2.2-2.1 2.2s-2.1-1-2.1-2.1c0-1.2 1-2.1 2.2-2.1s2.2 1 2.2 2.2zM10.4 28.2c0 1.2-1 2.2-2.1 2.2s-2.1-1-2.1-2.1c0-1.2 1-2.1 2.2-2.1s2.2 1 2.2 2.2z\"\/><\/svg><\/span><span class=\"shariff-text\">teilen<\/span>&nbsp;<\/a><\/li><li class=\"shariff-button tumblr shariff-nocustomcolor\" style=\"background-color:#529ecc\"><a href=\"https:\/\/www.tumblr.com\/widgets\/share\/tool?posttype=link&canonicalUrl=https%3A%2F%2Fdampffreiheit.de%2Fblog%2F2024%2F05%2Fde-weltnichtrauchertag-pervertiert-zum-welt-anti-thr-tag%2F&tags=dampffreiheit.de\" title=\"Bei tumblr teilen\" aria-label=\"Bei tumblr teilen\" role=\"button\" rel=\"noopener nofollow\" class=\"shariff-link\" style=\"; background-color:#36465d; color:#fff\" target=\"_blank\"><span class=\"shariff-icon\" style=\"\"><svg width=\"32px\" height=\"20px\" xmlns=\"http:\/\/www.w3.org\/2000\/svg\" viewBox=\"0 0 32 32\"><path fill=\"#36465d\" d=\"M18 14l0 7.3c0 1.9 0 2.9 0.2 3.5 0.2 0.5 0.7 1.1 1.2 1.4 0.7 0.4 1.5 0.6 2.4 0.6 1.6 0 2.6-0.2 4.2-1.3v4.8c-1.4 0.6-2.6 1-3.7 1.3-1.1 0.3-2.3 0.4-3.6 0.4-1.5 0-2.3-0.2-3.4-0.6-1.1-0.4-2.1-0.9-2.9-1.6-0.8-0.7-1.3-1.4-1.7-2.2s-0.5-1.9-0.5-3.4v-11.2h-4.3v-4.5c1.3-0.4 2.7-1 3.6-1.8 0.9-0.8 1.6-1.7 2.2-2.7 0.5-1.1 0.9-2.4 1.1-4.1h5.2l0 8h8v6h-8z\"\/><\/svg><\/span><span class=\"shariff-text\">teilen<\/span>&nbsp;<\/a><\/li><li class=\"shariff-button reddit shariff-nocustomcolor\" style=\"background-color:#ff5700\"><a href=\"https:\/\/www.reddit.com\/submit?url=https%3A%2F%2Fdampffreiheit.de%2Fblog%2F2024%2F05%2Fde-weltnichtrauchertag-pervertiert-zum-welt-anti-thr-tag%2F\" title=\"Bei Reddit teilen\" aria-label=\"Bei Reddit teilen\" role=\"button\" rel=\"noopener nofollow\" class=\"shariff-link\" style=\"; background-color:#ff4500; color:#fff\" target=\"_blank\"><span class=\"shariff-icon\" style=\"\"><svg xmlns=\"http:\/\/www.w3.org\/2000\/svg\" viewBox=\"0 0 512 512\"><path fill=\"#ff4500\" d=\"M440.3 203.5c-15 0-28.2 6.2-37.9 15.9-35.7-24.7-83.8-40.6-137.1-42.3L293 52.3l88.2 19.8c0 21.6 17.6 39.2 39.2 39.2 22 0 39.7-18.1 39.7-39.7s-17.6-39.7-39.7-39.7c-15.4 0-28.7 9.3-35.3 22l-97.4-21.6c-4.9-1.3-9.7 2.2-11 7.1L246.3 177c-52.9 2.2-100.5 18.1-136.3 42.8-9.7-10.1-23.4-16.3-38.4-16.3-55.6 0-73.8 74.6-22.9 100.1-1.8 7.9-2.6 16.3-2.6 24.7 0 83.8 94.4 151.7 210.3 151.7 116.4 0 210.8-67.9 210.8-151.7 0-8.4-.9-17.2-3.1-25.1 49.9-25.6 31.5-99.7-23.8-99.7zM129.4 308.9c0-22 17.6-39.7 39.7-39.7 21.6 0 39.2 17.6 39.2 39.7 0 21.6-17.6 39.2-39.2 39.2-22 .1-39.7-17.6-39.7-39.2zm214.3 93.5c-36.4 36.4-139.1 36.4-175.5 0-4-3.5-4-9.7 0-13.7 3.5-3.5 9.7-3.5 13.2 0 27.8 28.5 120 29 149 0 3.5-3.5 9.7-3.5 13.2 0 4.1 4 4.1 10.2.1 13.7zm-.8-54.2c-21.6 0-39.2-17.6-39.2-39.2 0-22 17.6-39.7 39.2-39.7 22 0 39.7 17.6 39.7 39.7-.1 21.5-17.7 39.2-39.7 39.2z\"\/><\/svg><\/span><span class=\"shariff-text\">teilen<\/span>&nbsp;<\/a><\/li><li class=\"shariff-button whatsapp shariff-nocustomcolor\" style=\"background-color:#5cbe4a\"><a href=\"https:\/\/api.whatsapp.com\/send?text=https%3A%2F%2Fdampffreiheit.de%2Fblog%2F2024%2F05%2Fde-weltnichtrauchertag-pervertiert-zum-welt-anti-thr-tag%2F%20%5BDE%5D%20Weltnichtrauchertag%20pervertiert%20zum%20Welt-Anti-THR-Tag\" title=\"Bei Whatsapp teilen\" aria-label=\"Bei Whatsapp teilen\" role=\"button\" rel=\"noopener nofollow\" class=\"shariff-link\" style=\"; background-color:#34af23; color:#fff\" target=\"_blank\"><span class=\"shariff-icon\" style=\"\"><svg width=\"32px\" height=\"20px\" xmlns=\"http:\/\/www.w3.org\/2000\/svg\" viewBox=\"0 0 32 32\"><path fill=\"#34af23\" d=\"M17.6 17.4q0.2 0 1.7 0.8t1.6 0.9q0 0.1 0 0.3 0 0.6-0.3 1.4-0.3 0.7-1.3 1.2t-1.8 0.5q-1 0-3.4-1.1-1.7-0.8-3-2.1t-2.6-3.3q-1.3-1.9-1.3-3.5v-0.1q0.1-1.6 1.3-2.8 0.4-0.4 0.9-0.4 0.1 0 0.3 0t0.3 0q0.3 0 0.5 0.1t0.3 0.5q0.1 0.4 0.6 1.6t0.4 1.3q0 0.4-0.6 1t-0.6 0.8q0 0.1 0.1 0.3 0.6 1.3 1.8 2.4 1 0.9 2.7 1.8 0.2 0.1 0.4 0.1 0.3 0 1-0.9t0.9-0.9zM14 26.9q2.3 0 4.3-0.9t3.6-2.4 2.4-3.6 0.9-4.3-0.9-4.3-2.4-3.6-3.6-2.4-4.3-0.9-4.3 0.9-3.6 2.4-2.4 3.6-0.9 4.3q0 3.6 2.1 6.6l-1.4 4.2 4.3-1.4q2.8 1.9 6.2 1.9zM14 2.2q2.7 0 5.2 1.1t4.3 2.9 2.9 4.3 1.1 5.2-1.1 5.2-2.9 4.3-4.3 2.9-5.2 1.1q-3.5 0-6.5-1.7l-7.4 2.4 2.4-7.2q-1.9-3.2-1.9-6.9 0-2.7 1.1-5.2t2.9-4.3 4.3-2.9 5.2-1.1z\"\/><\/svg><\/span><span class=\"shariff-text\">teilen<\/span>&nbsp;<\/a><\/li><li class=\"shariff-button info shariff-nocustomcolor\" style=\"background-color:#a8a8a8\"><a href=\"http:\/\/ct.de\/-2467514\" title=\"Weitere Informationen\" aria-label=\"Weitere Informationen\" role=\"button\" rel=\"noopener \" class=\"shariff-link\" style=\"; background-color:#999; color:#fff\" target=\"_blank\"><span class=\"shariff-icon\" style=\"\"><svg width=\"32px\" height=\"20px\" xmlns=\"http:\/\/www.w3.org\/2000\/svg\" viewBox=\"0 0 11 32\"><path fill=\"#999\" d=\"M11.4 24v2.3q0 0.5-0.3 0.8t-0.8 0.4h-9.1q-0.5 0-0.8-0.4t-0.4-0.8v-2.3q0-0.5 0.4-0.8t0.8-0.4h1.1v-6.8h-1.1q-0.5 0-0.8-0.4t-0.4-0.8v-2.3q0-0.5 0.4-0.8t0.8-0.4h6.8q0.5 0 0.8 0.4t0.4 0.8v10.3h1.1q0.5 0 0.8 0.4t0.3 0.8zM9.2 3.4v3.4q0 0.5-0.4 0.8t-0.8 0.4h-4.6q-0.4 0-0.8-0.4t-0.4-0.8v-3.4q0-0.4 0.4-0.8t0.8-0.4h4.6q0.5 0 0.8 0.4t0.4 0.8z\"\/><\/svg><\/span><\/a><\/li><\/ul><\/div>","protected":false},"excerpt":{"rendered":"<p>In den letzten Jahren wurde, anstatt Tabakrauchen zu gei\u00dfeln, der Fokus immer mehr auf sicherere Nikotinalternativen wie die E-Zigarette\/E-Dampfe und neuerdings auch orale Tabakalternativen (DGP)\u00a0 durch die WHO und ihre [&hellip;]<\/p>\n","protected":false},"author":1,"featured_media":13122,"comment_status":"open","ping_status":"open","sticky":false,"template":"","format":"standard","meta":{"_sitemap_exclude":false,"_sitemap_priority":"","_sitemap_frequency":"","footnotes":""},"categories":[54,1428,1426,1427],"tags":[715,132,1462,26,1381,119,1980,118,354],"class_list":["post-13120","post","type-post","status-publish","format-standard","has-post-thumbnail","hentry","category-blog","category-medienundmagazine","category-politikundrecht","category-wissenschaftundgesundheit","tag-abnr-e-v","tag-deutsche-krebshilfe","tag-dgp","tag-dkfz","tag-ift-nord","tag-weltnichtrauchertag","tag-weltnichtrauchertag-2024","tag-who","tag-who-kollaborationsstelle-fuer-tabakkontrolle"],"_links":{"self":[{"href":"https:\/\/dampffreiheit.de\/blog\/wp-json\/wp\/v2\/posts\/13120","targetHints":{"allow":["GET"]}}],"collection":[{"href":"https:\/\/dampffreiheit.de\/blog\/wp-json\/wp\/v2\/posts"}],"about":[{"href":"https:\/\/dampffreiheit.de\/blog\/wp-json\/wp\/v2\/types\/post"}],"author":[{"embeddable":true,"href":"https:\/\/dampffreiheit.de\/blog\/wp-json\/wp\/v2\/users\/1"}],"replies":[{"embeddable":true,"href":"https:\/\/dampffreiheit.de\/blog\/wp-json\/wp\/v2\/comments?post=13120"}],"version-history":[{"count":0,"href":"https:\/\/dampffreiheit.de\/blog\/wp-json\/wp\/v2\/posts\/13120\/revisions"}],"wp:featuredmedia":[{"embeddable":true,"href":"https:\/\/dampffreiheit.de\/blog\/wp-json\/wp\/v2\/media\/13122"}],"wp:attachment":[{"href":"https:\/\/dampffreiheit.de\/blog\/wp-json\/wp\/v2\/media?parent=13120"}],"wp:term":[{"taxonomy":"category","embeddable":true,"href":"https:\/\/dampffreiheit.de\/blog\/wp-json\/wp\/v2\/categories?post=13120"},{"taxonomy":"post_tag","embeddable":true,"href":"https:\/\/dampffreiheit.de\/blog\/wp-json\/wp\/v2\/tags?post=13120"}],"curies":[{"name":"wp","href":"https:\/\/api.w.org\/{rel}","templated":true}]}}