{"id":12456,"date":"2023-06-07T16:34:33","date_gmt":"2023-06-07T14:34:33","guid":{"rendered":"https:\/\/ch-lippmann.de\/blog\/dampffreiheit\/?p=12456"},"modified":"2026-02-25T16:15:53","modified_gmt":"2026-02-25T15:15:53","slug":"de-welt-antz-tag-2023","status":"publish","type":"post","link":"https:\/\/dampffreiheit.de\/blog\/2023\/06\/de-welt-antz-tag-2023\/","title":{"rendered":"[DE] Welt-ANTZ-Tag 2023"},"content":{"rendered":"<p><span style=\"font-weight: 400;\">Am 31.05.2023 war der sogenannte \u201cWeltnichtrauchertag\u201d, den die WHO (World \u201cHarm\u201d Organisation) jedes Jahr begeht. Urspr\u00fcnglich war sicherlich der Gedanke, dass zu diesem Tag darauf aufmerksam gemacht wird, dass Rauchen auf Dauer der Gesundheit nicht zutr\u00e4glich ist. Mittlerweile ist dieser \u201cWeltnichtrauchertag\u201d pervertiert worden zu einem Tag, voller Desinformation und Propaganda gegen alles, was irgendwie mit Nikotin zusammenh\u00e4ngt &#8211; Spoiler: au\u00dfer es ist von Big-Pharma.\u00a0<\/span><!--more--><\/p>\n<p><span style=\"font-weight: 400;\">In den Sozialen Medien gibt die WHO einmal die Richtung vor, viele Public Health\/Hell Organisationen folgen artig.<\/span><\/p>\n<p><span style=\"font-weight: 400;\">Im Gro\u00dfen und Ganzen wird dieses Jahr gegen die Tabakbauern geschossen.<\/span><span style=\"font-weight: 400;\"><br \/>\n<\/span><\/p>\n<table style=\"border-style: hidden;\" border=\"0\" cellspacing=\"0\" cellpadding=\"0\">\n<tbody>\n<tr>\n<td style=\"width: 50%;\">\n<p><figure id=\"attachment_12457\" aria-describedby=\"caption-attachment-12457\" style=\"width: 164px\" class=\"wp-caption aligncenter\"><a href=\"https:\/\/dampffreiheit.de\/blog\/wp-content\/uploads\/2023\/06\/2023_wnrt_01.jpg\"><img loading=\"lazy\" decoding=\"async\" class=\"wp-image-12457 size-medium\" src=\"https:\/\/dampffreiheit.de\/blog\/wp-content\/uploads\/2023\/06\/2023_wnrt_01-164x300.jpg\" alt=\"\" width=\"164\" height=\"300\" srcset=\"https:\/\/dampffreiheit.de\/blog\/wp-content\/uploads\/2023\/06\/2023_wnrt_01-164x300.jpg 164w, https:\/\/dampffreiheit.de\/blog\/wp-content\/uploads\/2023\/06\/2023_wnrt_01-560x1024.jpg 560w, https:\/\/dampffreiheit.de\/blog\/wp-content\/uploads\/2023\/06\/2023_wnrt_01-230x421.jpg 230w, https:\/\/dampffreiheit.de\/blog\/wp-content\/uploads\/2023\/06\/2023_wnrt_01-350x641.jpg 350w, https:\/\/dampffreiheit.de\/blog\/wp-content\/uploads\/2023\/06\/2023_wnrt_01-480x878.jpg 480w, https:\/\/dampffreiheit.de\/blog\/wp-content\/uploads\/2023\/06\/2023_wnrt_01.jpg 653w\" sizes=\"auto, (max-width: 164px) 100vw, 164px\" \/><\/a><figcaption id=\"caption-attachment-12457\" class=\"wp-caption-text\">Quelle: <a href=\"https:\/\/twitter.com\/WHO\/status\/1663666846828994561\">Twitter<\/a><\/figcaption><\/figure><\/td>\n<td style=\"width: 50%;\">\n<p><figure id=\"attachment_12458\" aria-describedby=\"caption-attachment-12458\" style=\"width: 160px\" class=\"wp-caption aligncenter\"><a href=\"https:\/\/dampffreiheit.de\/blog\/wp-content\/uploads\/2023\/06\/2023_wnrt_02.jpg\"><img loading=\"lazy\" decoding=\"async\" class=\"wp-image-12458 size-medium\" src=\"https:\/\/dampffreiheit.de\/blog\/wp-content\/uploads\/2023\/06\/2023_wnrt_02-160x300.jpg\" alt=\"\" width=\"160\" height=\"300\" srcset=\"https:\/\/dampffreiheit.de\/blog\/wp-content\/uploads\/2023\/06\/2023_wnrt_02-160x300.jpg 160w, https:\/\/dampffreiheit.de\/blog\/wp-content\/uploads\/2023\/06\/2023_wnrt_02-546x1024.jpg 546w, https:\/\/dampffreiheit.de\/blog\/wp-content\/uploads\/2023\/06\/2023_wnrt_02-230x431.jpg 230w, https:\/\/dampffreiheit.de\/blog\/wp-content\/uploads\/2023\/06\/2023_wnrt_02-350x657.jpg 350w, https:\/\/dampffreiheit.de\/blog\/wp-content\/uploads\/2023\/06\/2023_wnrt_02-480x901.jpg 480w, https:\/\/dampffreiheit.de\/blog\/wp-content\/uploads\/2023\/06\/2023_wnrt_02.jpg 589w\" sizes=\"auto, (max-width: 160px) 100vw, 160px\" \/><\/a><figcaption id=\"caption-attachment-12458\" class=\"wp-caption-text\">Quelle: <a href=\"https:\/\/twitter.com\/DrTedros\/status\/1663959694107344896\">Twitter<\/a><\/figcaption><\/figure><\/td>\n<\/tr>\n<\/tbody>\n<\/table>\n<p><span style=\"font-weight: 400;\">An dieser Stelle verweise ich auf die Antwort von Clive Bates, \u201c<\/span><i><span style=\"font-weight: 400;\">World Health Organisation exploits tobacco farmers, the hungry, sick and poor in its crude activism &#8211; Weltgesundheitsorganisation beutet Tabakbauern, Hungernde, Kranke und Arme f\u00fcr ihren plumpen Aktivismus aus<\/span><\/i><span style=\"font-weight: 400;\">\u201d <span id='easy-footnote-1-12456' class='easy-footnote-margin-adjust'><\/span><span class='easy-footnote'><a href='https:\/\/dampffreiheit.de\/blog\/2023\/06\/de-welt-antz-tag-2023\/#easy-footnote-bottom-1-12456' title='&lt;\/span&gt;&lt;a href=&quot;https:\/\/clivebates.com\/world-health-organisation-exploits-tobacco-farmers-the-hungry-sick-and-poor-in-its-crude-activism\/&quot;&gt;&lt;span style=&quot;font-weight: 400;&quot;&gt;https:\/\/clivebates.com\/world-health-organisation-exploits-tobacco-farmers-the-hungry-sick-and-poor-in-its-crude-activism\/&lt;\/span&gt;&lt;\/a&gt;&lt;span style=&quot;font-weight: 400;&quot;&gt; '><sup>1<\/sup><\/a><\/span>. Clive Bates zerlegt darin die Propaganda der WHO rund um den Tabakanbau. Eine Einschr\u00e4nkung oder Verbot des Tabakanbaus h\u00e4tte noch mehr Elend zur Folge. Auch hier zeigt sich, die WHO hilft nicht, sie zerst\u00f6rt mit ihrer Ideologie die Lebensgrundlage vieler Menschen.<\/span><\/p>\n<p><span style=\"font-weight: 400;\">Was absolut nachdenklich stimmt, ist die Tatsache, dass einige dieser Akteure nicht einmal davor zur\u00fcckschrecken w\u00fcrden, einem asiatischen Kleinbauern, der mit dem Erl\u00f6s sich und seine Familie so gerade \u00fcber Wasser h\u00e4lt, h\u00f6chstpers\u00f6nlich das Feld nieder zu brennen. Die dahinterstehende zutiefst misanthropische Grundhaltung ist einigen von ihnen schon erkennbar ins Gesicht geschrieben.<\/span><\/p>\n<p><span style=\"font-weight: 400;\">Aber nat\u00fcrlich geht es an dem Weltnichtrauchertag gegen sichere, tabaklose Nikotinalternativen wie der E-Dampfe\/E-Zigarette.<\/span><\/p>\n<p><span style=\"font-weight: 400;\">Der Leiter der WHO, Tedros Adhanom Ghebreyesus, bem\u00fcht mal wieder der armen \u201cKiiinder &#x2122;\u201d , um erwachsenen Menschen den Umstieg vom Rauchen auf das Dampfen unm\u00f6glich zu machen.<\/span><\/p>\n<figure id=\"attachment_12459\" aria-describedby=\"caption-attachment-12459\" style=\"width: 195px\" class=\"wp-caption aligncenter\"><a href=\"https:\/\/dampffreiheit.de\/blog\/wp-content\/uploads\/2023\/06\/2023_wnrt_03.jpg\"><img loading=\"lazy\" decoding=\"async\" class=\"wp-image-12459 size-medium\" src=\"https:\/\/dampffreiheit.de\/blog\/wp-content\/uploads\/2023\/06\/2023_wnrt_03-195x300.jpg\" alt=\"\" width=\"195\" height=\"300\" srcset=\"https:\/\/dampffreiheit.de\/blog\/wp-content\/uploads\/2023\/06\/2023_wnrt_03-195x300.jpg 195w, https:\/\/dampffreiheit.de\/blog\/wp-content\/uploads\/2023\/06\/2023_wnrt_03-230x354.jpg 230w, https:\/\/dampffreiheit.de\/blog\/wp-content\/uploads\/2023\/06\/2023_wnrt_03-350x538.jpg 350w, https:\/\/dampffreiheit.de\/blog\/wp-content\/uploads\/2023\/06\/2023_wnrt_03-480x738.jpg 480w, https:\/\/dampffreiheit.de\/blog\/wp-content\/uploads\/2023\/06\/2023_wnrt_03.jpg 653w\" sizes=\"auto, (max-width: 195px) 100vw, 195px\" \/><\/a><figcaption id=\"caption-attachment-12459\" class=\"wp-caption-text\">Quelle: <a href=\"https:\/\/twitter.com\/DrTedros\/status\/1666125805741649936\">Twitter<\/a><\/figcaption><\/figure>\n<p>&nbsp;<\/p>\n<p><span style=\"font-weight: 400;\">Das ist schlichtweg gelogen, denn bis heute hat sich die Gatewaytheorie, vom Dampfen zum Rauchen nicht bewahrheitet. Im Gegenteil, z.B. ist das Rauchen unter Teenagern in den USA um bis 90% zur\u00fcckgegangen in den letzten 10 Jahren. Das Dampfen unter Jugendlichen ist in den letzten 3 Jahren um 50% gefallen.<\/span><\/p>\n<figure id=\"attachment_12460\" aria-describedby=\"caption-attachment-12460\" style=\"width: 210px\" class=\"wp-caption aligncenter\"><a href=\"https:\/\/dampffreiheit.de\/blog\/wp-content\/uploads\/2023\/06\/2023_wnrt_04.jpg\"><img loading=\"lazy\" decoding=\"async\" class=\"wp-image-12460 size-medium\" src=\"https:\/\/dampffreiheit.de\/blog\/wp-content\/uploads\/2023\/06\/2023_wnrt_04-210x300.jpg\" alt=\"\" width=\"210\" height=\"300\" srcset=\"https:\/\/dampffreiheit.de\/blog\/wp-content\/uploads\/2023\/06\/2023_wnrt_04-210x300.jpg 210w, https:\/\/dampffreiheit.de\/blog\/wp-content\/uploads\/2023\/06\/2023_wnrt_04-230x329.jpg 230w, https:\/\/dampffreiheit.de\/blog\/wp-content\/uploads\/2023\/06\/2023_wnrt_04-350x500.jpg 350w, https:\/\/dampffreiheit.de\/blog\/wp-content\/uploads\/2023\/06\/2023_wnrt_04-480x686.jpg 480w, https:\/\/dampffreiheit.de\/blog\/wp-content\/uploads\/2023\/06\/2023_wnrt_04.jpg 582w\" sizes=\"auto, (max-width: 210px) 100vw, 210px\" \/><\/a><figcaption id=\"caption-attachment-12460\" class=\"wp-caption-text\">Quelle: <a href=\"https:\/\/twitter.com\/ChaunceyGardner\/status\/1666169269128777729\">Twitter<\/a><\/figcaption><\/figure>\n<p><span style=\"font-weight: 400;\">Durch solche Aussagen der WHO best\u00e4rkt, kommt in Deutschland der DGP e.V., Frontrunner des im Hintergrund agierenden ABNR e.V., daher und verbreitet seinerseits Desinformation rund um die E-Dampfe<\/span><\/p>\n<figure id=\"attachment_12461\" aria-describedby=\"caption-attachment-12461\" style=\"width: 272px\" class=\"wp-caption aligncenter\"><a href=\"https:\/\/dampffreiheit.de\/blog\/wp-content\/uploads\/2023\/06\/2023_wnrt_05.jpg\"><img loading=\"lazy\" decoding=\"async\" class=\"wp-image-12461 size-medium\" src=\"https:\/\/dampffreiheit.de\/blog\/wp-content\/uploads\/2023\/06\/2023_wnrt_05-272x300.jpg\" alt=\"\" width=\"272\" height=\"300\" srcset=\"https:\/\/dampffreiheit.de\/blog\/wp-content\/uploads\/2023\/06\/2023_wnrt_05-272x300.jpg 272w, https:\/\/dampffreiheit.de\/blog\/wp-content\/uploads\/2023\/06\/2023_wnrt_05-230x253.jpg 230w, https:\/\/dampffreiheit.de\/blog\/wp-content\/uploads\/2023\/06\/2023_wnrt_05-350x386.jpg 350w, https:\/\/dampffreiheit.de\/blog\/wp-content\/uploads\/2023\/06\/2023_wnrt_05-480x529.jpg 480w, https:\/\/dampffreiheit.de\/blog\/wp-content\/uploads\/2023\/06\/2023_wnrt_05.jpg 591w\" sizes=\"auto, (max-width: 272px) 100vw, 272px\" \/><\/a><figcaption id=\"caption-attachment-12461\" class=\"wp-caption-text\">Quelle: <a href=\"https:\/\/twitter.com\/DGPneumologie\/status\/1663958701957316618\">Twitter<\/a><\/figcaption><\/figure>\n<p><span style=\"font-weight: 400;\">Sie schreiben es ja selber: \u201cHeute ist Weltnichtrauchertag!\u201d\u00a0<\/span><\/p>\n<p><span style=\"font-weight: 400;\">Sogar mit Ausrufezeichen. In Besorgnis um die steigenden Raucherzahlen in D, aber m\u00fcsste der h\u00f6chste Vertreter der DGP nun eigentlich warnen, warnen und nochmals warnen und dabei vorsichtig und bestimmt auf einen Rauchstopp dr\u00e4ngen. Angesichts der klinischen Bilder, mit denen sich langj\u00e4hrige Raucher speziell in dieser Fachdisziplin regelm\u00e4\u00dfig in den Praxen vorstellen. Die Folgen jahrelangen Tabakkonsums sind teilweise irreversibel und jeder, der es irgendwie schafft, davon wegzukommen, ist ein immenser Gewinn. Egal, mit welcher Technik oder Methode. Und es geht um 127.000 Tabakrauch-bedingte Todesf\u00e4lle. Jedes Jahr.<\/span><\/p>\n<p><span style=\"font-weight: 400;\">Und wie \u00e4u\u00dfert sich der Pr\u00e4sident der DGP? Anl\u00e4sslich des Weltnichtrauchertags?<\/span><\/p>\n<p><span style=\"font-weight: 400;\">Prominent mit Konterfei f\u00e4llt ihm dazu nichts anderes ein, als folgendes haneb\u00fcchenes Statement:<\/span><\/p>\n<blockquote><p><span style=\"font-weight: 400;\">\u201cElektronische Zigaretten eignen sich nicht zur Tabakentw\u00f6hnung. Das R\u00fcckfall- und Gesundheitsrisiko ist zu gro\u00df.\u201d<\/span><\/p><\/blockquote>\n<p><span style=\"font-weight: 400;\">Angesichts solchen Fehltrittes muss man sich ernsthaft fragen, ob die DGP, basierend auf ihren bisherigen Statuten, noch irgendetwas mit dem Bem\u00fchen um Patienten-Gesundheit und \u00f6ffentlicher Gesundheit im Sinne hat, oder ob deren Ausrichtung, deren Ziele mittlerweile g\u00e4nzlich anderen Pr\u00e4missen folgen.<\/span><\/p>\n<p><span style=\"font-weight: 400;\">Dieser Tweet, diese Mitteilung war am Weltnichtrauchertag der Klopper schlechthin, das Thema nun v\u00f6llig und in G\u00e4nze restlos zu verfehlen!<\/span><\/p>\n<p><span style=\"font-weight: 400;\">Und leider, eigentlich schon wie immer, bleibt die DGP schuldig, endlich einmal Belege f\u00fcr die behauptete &#8218;Gesundheitsgefahr&#8216; beizubringen.<\/span><\/p>\n<p><span style=\"font-weight: 400;\">Beim Rauchen ist das v\u00f6llig unstrittig. Wenn man b\u00f6se formuliert, k\u00f6nnte man sagen: \u201cja, es liegen alle Friedh\u00f6fe voll davon\u201d. Wenn es denn gef\u00e4hrlich w\u00e4re, m\u00fcssten \u00fcber Folgen des Dampfen mittlerweile gen\u00fcgend Fallberichte und Daten vorliegen. Ausreichend Adleraugen, die dar\u00fcber wachen, hat es ja zur Gen\u00fcge. Nur h\u00f6rt und liest man davon bisher rein gar nichts. Und das nach etwa 15 \u2026 20 Jahre Dampfkonsum!<\/span><\/p>\n<p><span style=\"font-weight: 400;\">In eben ihrer Pressemitteilung <span id='easy-footnote-2-12456' class='easy-footnote-margin-adjust'><\/span><span class='easy-footnote'><a href='https:\/\/dampffreiheit.de\/blog\/2023\/06\/de-welt-antz-tag-2023\/#easy-footnote-bottom-2-12456' title=' DGP &amp;#8211; Zum Weltnichtrauchertag am 31. Mai: \u201eE-Zigaretten eignen sich nicht zur Tabakentw\u00f6hnung \u2013 Jugendliche besser aufkl\u00e4ren\u201c &lt;\/span&gt;&lt;a href=&quot;https:\/\/web.archive.org\/web\/20230607091703\/https:\/\/pneumologie.de\/aktuelles-service\/presse\/pressemitteilungen\/zum-weltnichtrauchertag-am-31-mai-e-zigaretten-eignen-sich-nicht-zur-tabakentwoehnung-jugendliche-besser-aufklaeren&quot; target=&quot;_blank&quot; rel=&quot;noopener&quot;&gt;&lt;span style=&quot;font-weight: 400;&quot;&gt;https:\/\/web.archive.org\/web\/20230607091703\/https:\/\/pneumologie.de\/aktuelles-service\/presse\/pressemitteilungen\/zum-weltnichtrauchertag-am-31-mai-e-zigaretten-eignen-sich-nicht-zur-tabakentwoehnung-jugendliche-besser-aufklaeren&lt;\/span&gt;&lt;\/a&gt;&lt;span style=&quot;font-weight: 400;&quot;&gt; (Archiv-Link)'><sup>2<\/sup><\/a><\/span> wird doch schlichtweg behauptet, E-Dampfprodukte w\u00fcrden sich nicht zur Raucherentw\u00f6hnung eignen. Dies steht im krassen Kontrast zum renommierten Cochrane Institut, welches belegen kann, dass E-Dampfprodukte mindestens doppelt so erfolgreich zur Erreichung des Rauchstopp ist, wie herk\u00f6mmliche Nikotinersatztherapien <span id='easy-footnote-3-12456' class='easy-footnote-margin-adjust'><\/span><span class='easy-footnote'><a href='https:\/\/dampffreiheit.de\/blog\/2023\/06\/de-welt-antz-tag-2023\/#easy-footnote-bottom-3-12456' title='&lt;\/span&gt;&lt;a href=&quot;https:\/\/dampffreiheit.de\/blog\/2022\/11\/uk-cochrane-hochsicherer-beleg-e-dampfen-hilft-zum-rauchstopp\/&quot;&gt;&lt;span style=&quot;font-weight: 400;&quot;&gt;https:\/\/dampffreiheit.de\/blog\/2022\/11\/uk-cochrane-hochsicherer-beleg-e-dampfen-hilft-zum-rauchstopp\/&lt;\/span&gt;&lt;\/a&gt;&lt;span style=&quot;font-weight: 400;&quot;&gt; '><sup>3<\/sup><\/a><\/span>.<\/span><\/p>\n<p><span style=\"font-weight: 400;\">Festgestellt wird, dass die Zahl rauchender Jugendliche in den letzten zwei Jahren wieder angestiegen ist. Nicht aber wird hinterfragt, weshalb. Ein gewichtiger Grund, werden u.a. die politischen Coronama\u00dfnahmen gewesen sein, unter welchen Jugendliche ganz besonders gelitten haben!\u00a0<\/span><span style=\"font-weight: 400;\">Das steigen jugendlicher Dampfer kommt u.a. aufgrund der Disposables, welche vermutlich ohne JuSch-Pr\u00fcfung an diversen Verkaufsstellen (Kioske, Tankstellen) angeboten werden, wo es mit dem JuSchG nicht so genau genommen wird. Hier wird der Staat seiner Kontrollaufgabe nicht gerecht! Der E-Dampfe die Schuld zu geben, ist zu kurz gesprungen.<br \/>\n<\/span><span style=\"font-weight: 400;\">Dann im gleichen Atemzug auch noch ein Aromenverbot f\u00fcr E-Dampfprodukte zu fordern schl\u00e4gt dem Ganzen noch den Zacken aus der Krone. Gerade die Aromenvielfalt erm\u00f6glicht es erwachsenen Rauchern ohne Druck, daf\u00fcr mit Genuss, vom Rauchen auf das Dampfen umzusteigen und das Rauchen aufzugeben.<\/span><\/p>\n<p><span style=\"font-weight: 400;\">In die gleiche Kerbe bzgl. Aromenverbot f\u00fcr E-Dampfprodukte springt auch der Bundesdrogenbeauftragte Burkhard Blienert.<\/span><\/p>\n<figure id=\"attachment_12462\" aria-describedby=\"caption-attachment-12462\" style=\"width: 287px\" class=\"wp-caption aligncenter\"><a href=\"https:\/\/dampffreiheit.de\/blog\/wp-content\/uploads\/2023\/06\/2023_wnrt_06.jpg\"><img loading=\"lazy\" decoding=\"async\" class=\"wp-image-12462 size-medium\" src=\"https:\/\/dampffreiheit.de\/blog\/wp-content\/uploads\/2023\/06\/2023_wnrt_06-287x300.jpg\" alt=\"\" width=\"287\" height=\"300\" srcset=\"https:\/\/dampffreiheit.de\/blog\/wp-content\/uploads\/2023\/06\/2023_wnrt_06-287x300.jpg 287w, https:\/\/dampffreiheit.de\/blog\/wp-content\/uploads\/2023\/06\/2023_wnrt_06-230x241.jpg 230w, https:\/\/dampffreiheit.de\/blog\/wp-content\/uploads\/2023\/06\/2023_wnrt_06-350x366.jpg 350w, https:\/\/dampffreiheit.de\/blog\/wp-content\/uploads\/2023\/06\/2023_wnrt_06-480x502.jpg 480w, https:\/\/dampffreiheit.de\/blog\/wp-content\/uploads\/2023\/06\/2023_wnrt_06.jpg 591w\" sizes=\"auto, (max-width: 287px) 100vw, 287px\" \/><\/a><figcaption id=\"caption-attachment-12462\" class=\"wp-caption-text\">Quelle: <a href=\"https:\/\/twitter.com\/BdB_SD_Blienert\/status\/1663911547331133440\">Twitter<\/a><\/figcaption><\/figure>\n<p><span style=\"font-weight: 400;\">Auch f\u00fcr ihn stellen Aromen wie Gummib\u00e4rchen oder Waldbeeren die Gefahr f\u00fcr Jugendliche schlechthin dar. Dabei steigt aktuell der Tabakkonsum unter Jugendlichen wieder an! Das ist eine absolute Verdrehung der Realit\u00e4t.<\/span><\/p>\n<p><span style=\"font-weight: 400;\">Aromenverbote werden sich negativ auswirken. Ahnungslose werden Panschen, ein Schwarzmarkt wird entstehen und erwachsene Dampfer kriminalisiert. <\/span><span style=\"font-weight: 400;\">Jugendliche werden derweil weiter zur Kippe greifen.<\/span><\/p>\n<p><span style=\"font-weight: 400;\">Es klingt alles nach einem Skript, dass hier in aller \u00d6ffentlichkeit abgespult wird. Als unbedarfter Medienkonsument muss man schon fast den Eindruck bekommen, dass Rauchen sicherer ist als zu Dampfen. Das hat mit Verbesserung der \u00f6ffentlichen Gesundheit nichts zu tun.<\/span><\/p>\n<p><span style=\"font-weight: 400;\">Nochmal in aller Deutlichkeit, nicht das hier falsche Erwartungen geweckt werden: die E-Dampfe ist erster Linie eine konsumentengetriebene Innovation! Die Tabakindustrie hat sie nicht erfunden und treibt sie auch nicht voran, diese will nur ein St\u00fcck vom Kuchen abbekommen. Die E-Dampfe ist auch kein Medizinprodukt, sondern ein Genussmittel! Das soll und muss sie auch bleiben. Dadurch wird die Hemmschwelle bei Rauchern gesenkt, auf die E-Dampfe umzusteigen. Bei einem Medizinprodukt sieht das wieder anders aus und das ist die E-Dampfe keinesfalls.<\/span><\/p>\n<p><span style=\"font-weight: 400;\">Eine Wohltat in dieser Propagandaschlacht ist die Pressemitteilung der Deutschen Gesellschaft f\u00fcr Gef\u00e4sschirurgie und Gef\u00e4ssmedizin e.V. (DGG). <span id='easy-footnote-4-12456' class='easy-footnote-margin-adjust'><\/span><span class='easy-footnote'><a href='https:\/\/dampffreiheit.de\/blog\/2023\/06\/de-welt-antz-tag-2023\/#easy-footnote-bottom-4-12456' title='Pressemitteilung &amp;#8211; Weltnichtrauchertag am 31. Mai 2023&lt;br \/&gt;\n&lt;\/span&gt;&lt;span style=&quot;font-weight: 400;&quot;&gt;Gef\u00e4\u00dfexpert*innen raten zur Rauchentw\u00f6hnung auch mit E-Zigarette&lt;br \/&gt;\n&lt;\/span&gt;&lt;a href=&quot;https:\/\/web.archive.org\/web\/20240725010731\/https:\/\/www.gefaesschirurgie.de\/fileadmin\/website\/dgg\/presse\/pm_dgg_nichtrauchertag_2023_f.pdf&quot;&gt;&lt;span style=&quot;font-weight: 400;&quot;&gt;https:\/\/www.gefaesschirurgie.de\/fileadmin\/website\/dgg\/presse\/pm_dgg_nichtrauchertag_2023_f.pdf&lt;\/span&gt;&lt;\/a&gt;&lt;span style=&quot;font-weight: 400;&quot;&gt; '><sup>4<\/sup><\/a><\/span><\/span><\/p>\n<p><span style=\"font-weight: 400;\">Prof. Dr. Martin Storck, seit Jahren ein starker Bef\u00fcrworter der Tabakschadensminimierung mit sichereren Nikotinalternativen, wird zitiert mit:<\/span><\/p>\n<blockquote><p><span style=\"font-weight: 400;\">\u201cGro\u00dfbritannien hingegen geht konsequent neue Wege, um dem \u201eblauen Dunst\u201c den Kampf anzusagen \u2013 dort rauchten im Jahr 2021 nur noch 13 Prozent der Bev\u00f6lkerung. Aktuell verschenkt die britische Regierung kostenlose E-Zigaretten an eine Million Raucher*innen, um sie zum Verzicht auf Tabakrauch zu ermutigen. \u201eDiese Ma\u00dfnahme ist weltweit einmalig, zeigt aber die positive Bewertung der E-Zigarette in anderen L\u00e4ndern\u201c, sagt DGG-Experte Storck. Denn nicht das Nikotin in den Zigaretten ist todbringend; giftig ist der Rauch, der bei der Verbrennung von Tabak entsteht \u2013 er f\u00f6rdert Krebs und Arteriosklerose, wie das Deutsche Krebsforschungszentrum feststellt. \u201eBeim Vaping oder bei Tabakerhitzern entsteht dieser Rauch nicht\u201c, erl\u00e4utert Storck. Das Bundesinstitut f\u00fcr Risikobewertung (BfR) ermittelte mehrfach in Laboranalysen, dass bei E-Zigaretten bis zu 95 Prozent weniger Schadstoffe nachweisbar sind als beim Tabakrauch.\u00a0<\/span><span style=\"font-weight: 400;\">[&#8230;]<\/span><span style=\"font-weight: 400;\"><br \/>\n<\/span><span style=\"font-weight: 400;\">\u201eDurch einen Rauchstopp k\u00f6nnen wir bei unseren gef\u00e4\u00dfkranken Patientinnen und Patienten die Erkrankung zumindest verlangsamen und Herzinfarkte, Schlaganf\u00e4lle und Amputationen verhindern helfen.\u201c\u201c<\/span><\/p><\/blockquote>\n<p><span style=\"font-weight: 400;\">Empfehlenswert ist an dieser Stelle auch das Interview auf doccheck.com mit Prof. Dr. Storck <span id='easy-footnote-5-12456' class='easy-footnote-margin-adjust'><\/span><span class='easy-footnote'><a href='https:\/\/dampffreiheit.de\/blog\/2023\/06\/de-welt-antz-tag-2023\/#easy-footnote-bottom-5-12456' title='&lt;\/span&gt;&lt;a href=&quot;https:\/\/www.doccheck.com\/de\/detail\/videos\/5942-e-zigarette-mit-volldampf-voraus&quot; target=&quot;_blank&quot; rel=&quot;noopener&quot;&gt;&lt;span style=&quot;font-weight: 400;&quot;&gt;https:\/\/www.doccheck.com\/de\/detail\/videos\/5942-e-zigarette-mit-volldampf-voraus&lt;\/span&gt;&lt;\/a&gt;&lt;span style=&quot;font-weight: 400;&quot;&gt; '><sup>5<\/sup><\/a><\/span>:<\/span><\/p>\n<blockquote><p><span style=\"font-weight: 400;\">\u201cDie Harm Reduction ist so wichtig f\u00fcr die Raucher, die jetzt eine Rauchentw\u00f6hnung ben\u00f6tigen, dass das nicht gegen die Leitlinie verst\u00f6\u00dft, wenn man die E-Zigarette auch heute schon empfiehlt.\u201d<\/span><\/p><\/blockquote>\n<p>Suchtforscher Prof. Dr. Heino St\u00f6ver kommentiert den Weltnichtrauchertag 2023 wie folgt:<\/p>\n<figure id=\"attachment_12463\" aria-describedby=\"caption-attachment-12463\" style=\"width: 279px\" class=\"wp-caption aligncenter\"><a href=\"https:\/\/dampffreiheit.de\/blog\/wp-content\/uploads\/2023\/06\/2023_wnrt_07.jpg\"><img loading=\"lazy\" decoding=\"async\" class=\"wp-image-12463 size-medium\" src=\"https:\/\/dampffreiheit.de\/blog\/wp-content\/uploads\/2023\/06\/2023_wnrt_07-279x300.jpg\" alt=\"\" width=\"279\" height=\"300\" srcset=\"https:\/\/dampffreiheit.de\/blog\/wp-content\/uploads\/2023\/06\/2023_wnrt_07-279x300.jpg 279w, https:\/\/dampffreiheit.de\/blog\/wp-content\/uploads\/2023\/06\/2023_wnrt_07-230x248.jpg 230w, https:\/\/dampffreiheit.de\/blog\/wp-content\/uploads\/2023\/06\/2023_wnrt_07-350x377.jpg 350w, https:\/\/dampffreiheit.de\/blog\/wp-content\/uploads\/2023\/06\/2023_wnrt_07-480x517.jpg 480w, https:\/\/dampffreiheit.de\/blog\/wp-content\/uploads\/2023\/06\/2023_wnrt_07.jpg 585w\" sizes=\"auto, (max-width: 279px) 100vw, 279px\" \/><\/a><figcaption id=\"caption-attachment-12463\" class=\"wp-caption-text\">Quelle: <a href=\"https:\/\/twitter.com\/HeinoStoever\/status\/1663895235779239938\">Twitter<\/a><\/figcaption><\/figure>\n<p><span style=\"font-weight: 400;\">Nicht vergessen werden sollen auch die Pressemitteilungen des H\u00e4ndlerverbandes BfTG e.V., \u201c<\/span><i><span style=\"font-weight: 400;\">Weltnichtrauchertag: Tabakalternativen m\u00fcssen attraktiv bleiben<\/span><\/i><span style=\"font-weight: 400;\">\u201d <span id='easy-footnote-6-12456' class='easy-footnote-margin-adjust'><\/span><span class='easy-footnote'><a href='https:\/\/dampffreiheit.de\/blog\/2023\/06\/de-welt-antz-tag-2023\/#easy-footnote-bottom-6-12456' title='&lt;\/span&gt;&lt;a href=&quot;https:\/\/web.archive.org\/web\/20241009064339\/https:\/\/www.presseportal.de\/pm\/118679\/5519999&quot; target=&quot;_blank&quot; rel=&quot;noopener&quot;&gt;&lt;span style=&quot;font-weight: 400;&quot;&gt;https:\/\/www.presseportal.de\/pm\/118679\/5519999&lt;\/span&gt;&lt;\/a&gt;&lt;span style=&quot;font-weight: 400;&quot;&gt; '><sup>6<\/sup><\/a><\/span> und des H\u00e4ndlerverbandes VdeH e.V., \u201c<\/span><i><span style=\"font-weight: 400;\">World Vapers Day: Eine Einschr\u00e4nkung der Aromenvielfalt gef\u00e4hrdet die \u00f6ffentliche Gesundheit<\/span><\/i><span style=\"font-weight: 400;\">\u201d <span id='easy-footnote-7-12456' class='easy-footnote-margin-adjust'><\/span><span class='easy-footnote'><a href='https:\/\/dampffreiheit.de\/blog\/2023\/06\/de-welt-antz-tag-2023\/#easy-footnote-bottom-7-12456' title='&lt;\/span&gt;&lt;a href=&quot;https:\/\/vd-eh.de\/world-vapers-day-eine-einschrankung-der-aromenvielfalt-gefahrdet-die-offentliche-gesundheit\/&quot; target=&quot;_blank&quot; rel=&quot;noopener&quot;&gt;&lt;span style=&quot;font-weight: 400;&quot;&gt;https:\/\/vd-eh.de\/world-vapers-day-eine-einschrankung-der-aromenvielfalt-gefahrdet-die-offentliche-gesundheit\/&lt;\/span&gt;&lt;\/a&gt;&lt;span style=&quot;font-weight: 400;&quot;&gt; '><sup>7<\/sup><\/a><\/span>.<\/span><\/p>\n<p><span style=\"font-weight: 400;\">Alles in allem ist wieder festzustellen, dass es bei dem Weltnichtrauchertag nicht um die Gesundheit der Menschen geht, sondern um Informationshoheit und Kontrolle. Es ist erschreckend, wie Massenmedien von offiziellen Seiten aus genutzt werden, um die Menschen in ihrem Sinne negativzu beeinflussen.\u00a0<\/span><\/p>\n<p><span style=\"font-weight: 400;\">Daher benenne ich auch den Weltnichtrauchertag um in den \u201c<strong>Welt-ANTZ-Tag<\/strong>\u201d (ANTZ = Anti-Nicotine-and-Tobacco-Zealots), denn es wird gegen alles gek\u00e4mpft, was irgendwie mit Nikotin zu tun hat, zum Leidwesen rauchender Menschen und ihrer Angeh\u00f6rigen.<\/span><\/p>\n<p><span style=\"font-weight: 400;\">Ich bleibe dabei: die E-Zigarette\/E-Dampfe ist das Mittel der Wahl um das Rauchen aufzugeben und die tabakkonsumbedingten Erkrankungen einzud\u00e4mmen.<\/span><\/p>\n<p><strong>Weiterf\u00fchrende Informationen<\/strong><\/p>\n<ul>\n<li><strong>[DE] Vapers Insight:<\/strong> <a href=\"https:\/\/vapers-insight.de\/2023\/06\/02\/weltnichtrauchertag-2023\/\" target=\"_blank\" rel=\"noopener\">Weltnichtrauchertag 2023<\/a><\/li>\n<li><strong>[US] The Hippocratic Post:<\/strong> <a href=\"https:\/\/web.archive.org\/web\/20230607222559\/https:\/\/www.hippocraticpost.com\/heart-lung\/world-no-tobacco-day-or-no-smoke-day\/\" target=\"_blank\" rel=\"noopener\">World No Tobacco Day or No Smoke Day<\/a><\/li>\n<\/ul>\n<div class=\"shariff shariff-align-center shariff-widget-align-center\"><ul class=\"shariff-buttons theme-grey orientation-horizontal buttonsize-small\"><li class=\"shariff-button mailto shariff-nocustomcolor\" style=\"background-color:#a8a8a8\"><a href=\"mailto:?body=https%3A%2F%2Fdampffreiheit.de%2Fblog%2F2023%2F06%2Fde-welt-antz-tag-2023%2F&subject=%5BDE%5D%20Welt-ANTZ-Tag%202023\" title=\"Per E-Mail versenden\" aria-label=\"Per E-Mail versenden\" role=\"button\" rel=\"noopener nofollow\" class=\"shariff-link\" style=\"; background-color:#999; color:#fff\"><span class=\"shariff-icon\" style=\"\"><svg width=\"32px\" height=\"20px\" xmlns=\"http:\/\/www.w3.org\/2000\/svg\" viewBox=\"0 0 32 32\"><path fill=\"#999\" d=\"M32 12.7v14.2q0 1.2-0.8 2t-2 0.9h-26.3q-1.2 0-2-0.9t-0.8-2v-14.2q0.8 0.9 1.8 1.6 6.5 4.4 8.9 6.1 1 0.8 1.6 1.2t1.7 0.9 2 0.4h0.1q0.9 0 2-0.4t1.7-0.9 1.6-1.2q3-2.2 8.9-6.1 1-0.7 1.8-1.6zM32 7.4q0 1.4-0.9 2.7t-2.2 2.2q-6.7 4.7-8.4 5.8-0.2 0.1-0.7 0.5t-1 0.7-0.9 0.6-1.1 0.5-0.9 0.2h-0.1q-0.4 0-0.9-0.2t-1.1-0.5-0.9-0.6-1-0.7-0.7-0.5q-1.6-1.1-4.7-3.2t-3.6-2.6q-1.1-0.7-2.1-2t-1-2.5q0-1.4 0.7-2.3t2.1-0.9h26.3q1.2 0 2 0.8t0.9 2z\"\/><\/svg><\/span><span class=\"shariff-text\">E-Mail<\/span>&nbsp;<\/a><\/li><li class=\"shariff-button mastodon shariff-nocustomcolor\" style=\"background-color:#563ACC\"><a href=\"https:\/\/s2f.kytta.dev\/?text=%5BDE%5D%20Welt-ANTZ-Tag%202023 https%3A%2F%2Fdampffreiheit.de%2Fblog%2F2023%2F06%2Fde-welt-antz-tag-2023%2F\" title=\"Bei Mastodon teilen\" aria-label=\"Bei Mastodon teilen\" role=\"button\" rel=\"noopener nofollow\" class=\"shariff-link\" style=\"; background-color:#6364FF; color:#fff\" target=\"_blank\"><span class=\"shariff-icon\" style=\"\"><svg width=\"75\" height=\"79\" viewBox=\"0 0 75 79\" fill=\"none\" xmlns=\"http:\/\/www.w3.org\/2000\/svg\"><path d=\"M37.813-.025C32.462-.058 27.114.13 21.79.598c-8.544.621-17.214 5.58-20.203 13.931C-1.12 23.318.408 32.622.465 41.65c.375 7.316.943 14.78 3.392 21.73 4.365 9.465 14.781 14.537 24.782 15.385 7.64.698 15.761-.213 22.517-4.026a54.1 54.1 0 0 0 .01-6.232c-6.855 1.316-14.101 2.609-21.049 1.074-3.883-.88-6.876-4.237-7.25-8.215-1.53-3.988 3.78-.43 5.584-.883 9.048 1.224 18.282.776 27.303-.462 7.044-.837 14.26-4.788 16.65-11.833 2.263-6.135 1.215-12.79 1.698-19.177.06-3.84.09-7.692-.262-11.52C72.596 7.844 63.223.981 53.834.684a219.453 219.453 0 0 0-16.022-.71zm11.294 12.882c5.5-.067 10.801 4.143 11.67 9.653.338 1.48.471 3 .471 4.515v21.088h-8.357c-.07-7.588.153-15.182-.131-22.765-.587-4.368-7.04-5.747-9.672-2.397-2.422 3.04-1.47 7.155-1.67 10.735v6.392h-8.307c-.146-4.996.359-10.045-.404-15.002-1.108-4.218-7.809-5.565-10.094-1.666-1.685 3.046-.712 6.634-.976 9.936v14.767h-8.354c.109-8.165-.238-16.344.215-24.5.674-5.346 5.095-10.389 10.676-10.627 4.902-.739 10.103 2.038 12.053 6.631.375 1.435 1.76 1.932 1.994.084 1.844-3.704 5.501-6.739 9.785-6.771.367-.044.735-.068 1.101-.073z\"\/><defs><linearGradient id=\"paint0_linear_549_34\" x1=\"37.0692\" y1=\"0\" x2=\"37.0692\" y2=\"79\" gradientUnits=\"userSpaceOnUse\"><stop stop-color=\"#6364FF\"\/><stop offset=\"1\" stop-color=\"#563ACC\"\/><\/linearGradient><\/defs><\/svg><\/span><span class=\"shariff-text\">teilen<\/span>&nbsp;<\/a><\/li><li class=\"shariff-button twitter shariff-nocustomcolor\" style=\"background-color:#595959\"><a href=\"https:\/\/twitter.com\/share?url=https%3A%2F%2Fdampffreiheit.de%2Fblog%2F2023%2F06%2Fde-welt-antz-tag-2023%2F&text=%5BDE%5D%20Welt-ANTZ-Tag%202023&via=DampfFreiheit\" title=\"Bei X teilen\" aria-label=\"Bei X teilen\" role=\"button\" rel=\"noopener nofollow\" class=\"shariff-link\" style=\"; background-color:#000; color:#fff\" target=\"_blank\"><span class=\"shariff-icon\" style=\"\"><svg width=\"32px\" height=\"20px\" xmlns=\"http:\/\/www.w3.org\/2000\/svg\" viewBox=\"0 0 24 24\"><path fill=\"#000\" d=\"M14.258 10.152L23.176 0h-2.113l-7.747 8.813L7.133 0H0l9.352 13.328L0 23.973h2.113l8.176-9.309 6.531 9.309h7.133zm-2.895 3.293l-.949-1.328L2.875 1.56h3.246l6.086 8.523.945 1.328 7.91 11.078h-3.246zm0 0\"\/><\/svg><\/span><span class=\"shariff-text\">teilen<\/span>&nbsp;<\/a><\/li><li class=\"shariff-button telegram shariff-nocustomcolor\" style=\"background-color:#4084A6\"><a href=\"https:\/\/telegram.me\/share\/url?url=https%3A%2F%2Fdampffreiheit.de%2Fblog%2F2023%2F06%2Fde-welt-antz-tag-2023%2F&text=%5BDE%5D%20Welt-ANTZ-Tag%202023\" title=\"Bei Telegram teilen\" aria-label=\"Bei Telegram teilen\" role=\"button\" rel=\"noopener nofollow\" class=\"shariff-link\" style=\"; background-color:#0088cc; color:#fff\" target=\"_blank\"><span class=\"shariff-icon\" style=\"\"><svg width=\"32px\" height=\"20px\" xmlns=\"http:\/\/www.w3.org\/2000\/svg\" viewBox=\"0 0 32 32\"><path fill=\"#0088cc\" d=\"M30.8 6.5l-4.5 21.4c-.3 1.5-1.2 1.9-2.5 1.2L16.9 24l-3.3 3.2c-.4.4-.7.7-1.4.7l.5-7L25.5 9.2c.6-.5-.1-.8-.9-.3l-15.8 10L2 16.7c-1.5-.5-1.5-1.5.3-2.2L28.9 4.3c1.3-.5 2.3.3 1.9 2.2z\"\/><\/svg><\/span><span class=\"shariff-text\">teilen<\/span>&nbsp;<\/a><\/li><li class=\"shariff-button diaspora shariff-nocustomcolor\" style=\"background-color:#b3b3b3\"><a href=\"https:\/\/share.diasporafoundation.org\/?url=https%3A%2F%2Fdampffreiheit.de%2Fblog%2F2023%2F06%2Fde-welt-antz-tag-2023%2F&title=%5BDE%5D%20Welt-ANTZ-Tag%202023\" title=\"Bei diaspora* teilen\" aria-label=\"Bei diaspora* teilen\" role=\"button\" rel=\"noopener nofollow\" class=\"shariff-link\" style=\"; background-color:#999; color:#fff\" target=\"_blank\"><span class=\"shariff-icon\" style=\"\"><svg width=\"32px\" height=\"20px\" xmlns=\"http:\/\/www.w3.org\/2000\/svg\" viewBox=\"0 0 33 32\"><path fill=\"#999\" d=\"M20.6 28.2c-0.8-1.2-2.1-2.9-2.9-4-0.8-1.1-1.4-1.9-1.4-1.9s-1.2 1.6-2.8 3.8c-1.5 2.1-2.8 3.8-2.8 3.8 0 0-5.5-3.9-5.5-3.9 0 0 1.2-1.8 2.8-4s2.8-4 2.8-4.1c0-0.1-0.5-0.2-4.4-1.5-2.4-0.8-4.4-1.5-4.4-1.5 0 0 0.2-0.8 1-3.2 0.6-1.8 1-3.2 1.1-3.3s2.1 0.6 4.6 1.5c2.5 0.8 4.6 1.5 4.6 1.5s0.1 0 0.1-0.1c0 0 0-2.2 0-4.8s0-4.7 0.1-4.7c0 0 0.7 0 3.3 0 1.8 0 3.3 0 3.4 0 0 0 0.1 1.4 0.2 4.6 0.1 5.2 0.1 5.3 0.2 5.3 0 0 2-0.7 4.5-1.5s4.4-1.5 4.4-1.5c0 0.1 2 6.5 2 6.5 0 0-2 0.7-4.5 1.5-3.4 1.1-4.5 1.5-4.5 1.6 0 0 1.2 1.8 2.6 3.9 1.5 2.1 2.6 3.9 2.6 3.9 0 0-5.4 4-5.5 4 0 0-0.7-0.9-1.5-2.1z\"\/><\/svg><\/span><span class=\"shariff-text\">teilen<\/span>&nbsp;<\/a><\/li><li class=\"shariff-button facebook shariff-nocustomcolor\" style=\"background-color:#4273c8\"><a href=\"https:\/\/www.facebook.com\/sharer\/sharer.php?u=https%3A%2F%2Fdampffreiheit.de%2Fblog%2F2023%2F06%2Fde-welt-antz-tag-2023%2F\" title=\"Bei Facebook teilen\" aria-label=\"Bei Facebook teilen\" role=\"button\" rel=\"nofollow\" class=\"shariff-link\" style=\"; background-color:#3b5998; color:#fff\" target=\"_blank\"><span class=\"shariff-icon\" style=\"\"><svg width=\"32px\" height=\"20px\" xmlns=\"http:\/\/www.w3.org\/2000\/svg\" viewBox=\"0 0 18 32\"><path fill=\"#3b5998\" d=\"M17.1 0.2v4.7h-2.8q-1.5 0-2.1 0.6t-0.5 1.9v3.4h5.2l-0.7 5.3h-4.5v13.6h-5.5v-13.6h-4.5v-5.3h4.5v-3.9q0-3.3 1.9-5.2t5-1.8q2.6 0 4.1 0.2z\"\/><\/svg><\/span><span class=\"shariff-text\">teilen<\/span>&nbsp;<\/a><\/li><li class=\"shariff-button threema shariff-nocustomcolor shariff-mobile\" style=\"background-color:#4fbc24\"><a href=\"threema:\/\/compose?text=%5BDE%5D%20Welt-ANTZ-Tag%202023%20https%3A%2F%2Fdampffreiheit.de%2Fblog%2F2023%2F06%2Fde-welt-antz-tag-2023%2F\" title=\"Bei Threema teilen\" aria-label=\"Bei Threema teilen\" role=\"button\" rel=\"noopener nofollow\" class=\"shariff-link\" style=\"; background-color:#1f1f1f; color:#fff\" target=\"_blank\"><span class=\"shariff-icon\" style=\"\"><svg width=\"32px\" height=\"20px\" xmlns=\"http:\/\/www.w3.org\/2000\/svg\" viewBox=\"0 0 32 32\"><path fill=\"#1f1f1f\" d=\"M30.8 10.9c-0.3-1.4-0.9-2.6-1.8-3.8-2-2.6-5.5-4.5-9.4-5.2-1.3-0.2-1.9-0.3-3.5-0.3s-2.2 0-3.5 0.3c-4 0.7-7.4 2.6-9.4 5.2-0.9 1.2-1.5 2.4-1.8 3.8-0.1 0.5-0.2 1.2-0.2 1.6 0 0.4 0.1 1.1 0.2 1.6 0.4 1.9 1.3 3.4 2.9 5 0.8 0.8 0.8 0.8 0.7 1.3 0 0.6-0.5 1.6-1.7 3.6-0.3 0.5-0.5 0.9-0.5 0.9 0 0.1 0.1 0.1 0.5 0 0.8-0.2 2.3-0.6 5.6-1.6 1.1-0.3 1.3-0.4 2.3-0.4 0.8 0 1.1 0 2.3 0.2 1.5 0.2 3.5 0.2 4.9 0 5.1-0.6 9.3-2.9 11.4-6.3 0.5-0.9 0.9-1.8 1.1-2.8 0.1-0.5 0.2-1.1 0.2-1.6 0-0.7-0.1-1.1-0.2-1.6-0.3-1.4 0.1 0.5 0 0zM20.6 17.3c0 0.4-0.4 0.8-0.8 0.8h-7.7c-0.4 0-0.8-0.4-0.8-0.8v-4.6c0-0.4 0.4-0.8 0.8-0.8h0.2l0-1.6c0-0.9 0-1.8 0.1-2 0.1-0.6 0.6-1.2 1.1-1.7s1.1-0.7 1.9-0.8c1.8-0.3 3.7 0.7 4.2 2.2 0.1 0.3 0.1 0.7 0.1 2.1v0 1.7h0.1c0.4 0 0.8 0.4 0.8 0.8v4.6zM15.6 7.3c-0.5 0.1-0.8 0.3-1.2 0.6s-0.6 0.8-0.7 1.3c0 0.2 0 0.8 0 1.5l0 1.2h4.6v-1.3c0-1 0-1.4-0.1-1.6-0.3-1.1-1.5-1.9-2.6-1.7zM25.8 28.2c0 1.2-1 2.2-2.1 2.2s-2.1-1-2.1-2.1c0-1.2 1-2.1 2.2-2.1s2.2 1 2.2 2.2zM18.1 28.2c0 1.2-1 2.2-2.1 2.2s-2.1-1-2.1-2.1c0-1.2 1-2.1 2.2-2.1s2.2 1 2.2 2.2zM10.4 28.2c0 1.2-1 2.2-2.1 2.2s-2.1-1-2.1-2.1c0-1.2 1-2.1 2.2-2.1s2.2 1 2.2 2.2z\"\/><\/svg><\/span><span class=\"shariff-text\">teilen<\/span>&nbsp;<\/a><\/li><li class=\"shariff-button tumblr shariff-nocustomcolor\" style=\"background-color:#529ecc\"><a href=\"https:\/\/www.tumblr.com\/widgets\/share\/tool?posttype=link&canonicalUrl=https%3A%2F%2Fdampffreiheit.de%2Fblog%2F2023%2F06%2Fde-welt-antz-tag-2023%2F&tags=dampffreiheit.de\" title=\"Bei tumblr teilen\" aria-label=\"Bei tumblr teilen\" role=\"button\" rel=\"noopener nofollow\" class=\"shariff-link\" style=\"; background-color:#36465d; color:#fff\" target=\"_blank\"><span class=\"shariff-icon\" style=\"\"><svg width=\"32px\" height=\"20px\" xmlns=\"http:\/\/www.w3.org\/2000\/svg\" viewBox=\"0 0 32 32\"><path fill=\"#36465d\" d=\"M18 14l0 7.3c0 1.9 0 2.9 0.2 3.5 0.2 0.5 0.7 1.1 1.2 1.4 0.7 0.4 1.5 0.6 2.4 0.6 1.6 0 2.6-0.2 4.2-1.3v4.8c-1.4 0.6-2.6 1-3.7 1.3-1.1 0.3-2.3 0.4-3.6 0.4-1.5 0-2.3-0.2-3.4-0.6-1.1-0.4-2.1-0.9-2.9-1.6-0.8-0.7-1.3-1.4-1.7-2.2s-0.5-1.9-0.5-3.4v-11.2h-4.3v-4.5c1.3-0.4 2.7-1 3.6-1.8 0.9-0.8 1.6-1.7 2.2-2.7 0.5-1.1 0.9-2.4 1.1-4.1h5.2l0 8h8v6h-8z\"\/><\/svg><\/span><span class=\"shariff-text\">teilen<\/span>&nbsp;<\/a><\/li><li class=\"shariff-button reddit shariff-nocustomcolor\" style=\"background-color:#ff5700\"><a href=\"https:\/\/www.reddit.com\/submit?url=https%3A%2F%2Fdampffreiheit.de%2Fblog%2F2023%2F06%2Fde-welt-antz-tag-2023%2F\" title=\"Bei Reddit teilen\" aria-label=\"Bei Reddit teilen\" role=\"button\" rel=\"noopener nofollow\" class=\"shariff-link\" style=\"; background-color:#ff4500; color:#fff\" target=\"_blank\"><span class=\"shariff-icon\" style=\"\"><svg xmlns=\"http:\/\/www.w3.org\/2000\/svg\" viewBox=\"0 0 512 512\"><path fill=\"#ff4500\" d=\"M440.3 203.5c-15 0-28.2 6.2-37.9 15.9-35.7-24.7-83.8-40.6-137.1-42.3L293 52.3l88.2 19.8c0 21.6 17.6 39.2 39.2 39.2 22 0 39.7-18.1 39.7-39.7s-17.6-39.7-39.7-39.7c-15.4 0-28.7 9.3-35.3 22l-97.4-21.6c-4.9-1.3-9.7 2.2-11 7.1L246.3 177c-52.9 2.2-100.5 18.1-136.3 42.8-9.7-10.1-23.4-16.3-38.4-16.3-55.6 0-73.8 74.6-22.9 100.1-1.8 7.9-2.6 16.3-2.6 24.7 0 83.8 94.4 151.7 210.3 151.7 116.4 0 210.8-67.9 210.8-151.7 0-8.4-.9-17.2-3.1-25.1 49.9-25.6 31.5-99.7-23.8-99.7zM129.4 308.9c0-22 17.6-39.7 39.7-39.7 21.6 0 39.2 17.6 39.2 39.7 0 21.6-17.6 39.2-39.2 39.2-22 .1-39.7-17.6-39.7-39.2zm214.3 93.5c-36.4 36.4-139.1 36.4-175.5 0-4-3.5-4-9.7 0-13.7 3.5-3.5 9.7-3.5 13.2 0 27.8 28.5 120 29 149 0 3.5-3.5 9.7-3.5 13.2 0 4.1 4 4.1 10.2.1 13.7zm-.8-54.2c-21.6 0-39.2-17.6-39.2-39.2 0-22 17.6-39.7 39.2-39.7 22 0 39.7 17.6 39.7 39.7-.1 21.5-17.7 39.2-39.7 39.2z\"\/><\/svg><\/span><span class=\"shariff-text\">teilen<\/span>&nbsp;<\/a><\/li><li class=\"shariff-button whatsapp shariff-nocustomcolor\" style=\"background-color:#5cbe4a\"><a href=\"https:\/\/api.whatsapp.com\/send?text=https%3A%2F%2Fdampffreiheit.de%2Fblog%2F2023%2F06%2Fde-welt-antz-tag-2023%2F%20%5BDE%5D%20Welt-ANTZ-Tag%202023\" title=\"Bei Whatsapp teilen\" aria-label=\"Bei Whatsapp teilen\" role=\"button\" rel=\"noopener nofollow\" class=\"shariff-link\" style=\"; background-color:#34af23; color:#fff\" target=\"_blank\"><span class=\"shariff-icon\" style=\"\"><svg width=\"32px\" height=\"20px\" xmlns=\"http:\/\/www.w3.org\/2000\/svg\" viewBox=\"0 0 32 32\"><path fill=\"#34af23\" d=\"M17.6 17.4q0.2 0 1.7 0.8t1.6 0.9q0 0.1 0 0.3 0 0.6-0.3 1.4-0.3 0.7-1.3 1.2t-1.8 0.5q-1 0-3.4-1.1-1.7-0.8-3-2.1t-2.6-3.3q-1.3-1.9-1.3-3.5v-0.1q0.1-1.6 1.3-2.8 0.4-0.4 0.9-0.4 0.1 0 0.3 0t0.3 0q0.3 0 0.5 0.1t0.3 0.5q0.1 0.4 0.6 1.6t0.4 1.3q0 0.4-0.6 1t-0.6 0.8q0 0.1 0.1 0.3 0.6 1.3 1.8 2.4 1 0.9 2.7 1.8 0.2 0.1 0.4 0.1 0.3 0 1-0.9t0.9-0.9zM14 26.9q2.3 0 4.3-0.9t3.6-2.4 2.4-3.6 0.9-4.3-0.9-4.3-2.4-3.6-3.6-2.4-4.3-0.9-4.3 0.9-3.6 2.4-2.4 3.6-0.9 4.3q0 3.6 2.1 6.6l-1.4 4.2 4.3-1.4q2.8 1.9 6.2 1.9zM14 2.2q2.7 0 5.2 1.1t4.3 2.9 2.9 4.3 1.1 5.2-1.1 5.2-2.9 4.3-4.3 2.9-5.2 1.1q-3.5 0-6.5-1.7l-7.4 2.4 2.4-7.2q-1.9-3.2-1.9-6.9 0-2.7 1.1-5.2t2.9-4.3 4.3-2.9 5.2-1.1z\"\/><\/svg><\/span><span class=\"shariff-text\">teilen<\/span>&nbsp;<\/a><\/li><li class=\"shariff-button info shariff-nocustomcolor\" style=\"background-color:#a8a8a8\"><a href=\"http:\/\/ct.de\/-2467514\" title=\"Weitere Informationen\" aria-label=\"Weitere Informationen\" role=\"button\" rel=\"noopener \" class=\"shariff-link\" style=\"; background-color:#999; color:#fff\" target=\"_blank\"><span class=\"shariff-icon\" style=\"\"><svg width=\"32px\" height=\"20px\" xmlns=\"http:\/\/www.w3.org\/2000\/svg\" viewBox=\"0 0 11 32\"><path fill=\"#999\" d=\"M11.4 24v2.3q0 0.5-0.3 0.8t-0.8 0.4h-9.1q-0.5 0-0.8-0.4t-0.4-0.8v-2.3q0-0.5 0.4-0.8t0.8-0.4h1.1v-6.8h-1.1q-0.5 0-0.8-0.4t-0.4-0.8v-2.3q0-0.5 0.4-0.8t0.8-0.4h6.8q0.5 0 0.8 0.4t0.4 0.8v10.3h1.1q0.5 0 0.8 0.4t0.3 0.8zM9.2 3.4v3.4q0 0.5-0.4 0.8t-0.8 0.4h-4.6q-0.4 0-0.8-0.4t-0.4-0.8v-3.4q0-0.4 0.4-0.8t0.8-0.4h4.6q0.5 0 0.8 0.4t0.4 0.8z\"\/><\/svg><\/span><\/a><\/li><\/ul><\/div>","protected":false},"excerpt":{"rendered":"<p>Am 31.05.2023 war der sogenannte \u201cWeltnichtrauchertag\u201d, den die WHO (World \u201cHarm\u201d Organisation) jedes Jahr begeht. Urspr\u00fcnglich war sicherlich der Gedanke, dass zu diesem Tag darauf aufmerksam gemacht wird, dass Rauchen [&hellip;]<\/p>\n","protected":false},"author":1,"featured_media":12466,"comment_status":"open","ping_status":"open","sticky":false,"template":"","format":"standard","meta":{"_sitemap_exclude":false,"_sitemap_priority":"","_sitemap_frequency":"","footnotes":""},"categories":[54,1426,1427],"tags":[57,1924,1462,800,22,75,209,1439,1628,1925,1926,119,1923,118,1921,1922,1531],"class_list":["post-12456","post","type-post","status-publish","format-standard","has-post-thumbnail","hentry","category-blog","category-politikundrecht","category-wissenschaftundgesundheit","tag-antz","tag-dgg","tag-dgp","tag-e-dampfe","tag-e-zigarette","tag-nikotin","tag-prof-dr-heino-stoever","tag-prof-dr-martin-storck","tag-prof-dr-windisch","tag-tabakbauern","tag-welt-antz-tag","tag-weltnichtrauchertag","tag-weltnichtrauchertag-2023","tag-who","tag-wnrt","tag-wntd","tag-world-no-tobacco-day"],"_links":{"self":[{"href":"https:\/\/dampffreiheit.de\/blog\/wp-json\/wp\/v2\/posts\/12456","targetHints":{"allow":["GET"]}}],"collection":[{"href":"https:\/\/dampffreiheit.de\/blog\/wp-json\/wp\/v2\/posts"}],"about":[{"href":"https:\/\/dampffreiheit.de\/blog\/wp-json\/wp\/v2\/types\/post"}],"author":[{"embeddable":true,"href":"https:\/\/dampffreiheit.de\/blog\/wp-json\/wp\/v2\/users\/1"}],"replies":[{"embeddable":true,"href":"https:\/\/dampffreiheit.de\/blog\/wp-json\/wp\/v2\/comments?post=12456"}],"version-history":[{"count":1,"href":"https:\/\/dampffreiheit.de\/blog\/wp-json\/wp\/v2\/posts\/12456\/revisions"}],"predecessor-version":[{"id":13632,"href":"https:\/\/dampffreiheit.de\/blog\/wp-json\/wp\/v2\/posts\/12456\/revisions\/13632"}],"wp:featuredmedia":[{"embeddable":true,"href":"https:\/\/dampffreiheit.de\/blog\/wp-json\/wp\/v2\/media\/12466"}],"wp:attachment":[{"href":"https:\/\/dampffreiheit.de\/blog\/wp-json\/wp\/v2\/media?parent=12456"}],"wp:term":[{"taxonomy":"category","embeddable":true,"href":"https:\/\/dampffreiheit.de\/blog\/wp-json\/wp\/v2\/categories?post=12456"},{"taxonomy":"post_tag","embeddable":true,"href":"https:\/\/dampffreiheit.de\/blog\/wp-json\/wp\/v2\/tags?post=12456"}],"curies":[{"name":"wp","href":"https:\/\/api.w.org\/{rel}","templated":true}]}}