{"id":11855,"date":"2022-08-29T16:50:43","date_gmt":"2022-08-29T14:50:43","guid":{"rendered":"https:\/\/ch-lippmann.de\/blog\/dampffreiheit\/?p=11855"},"modified":"2022-08-31T13:40:56","modified_gmt":"2022-08-31T11:40:56","slug":"de-raucherzahl-steigt-die-loesung-liegt-auf-der-hand","status":"publish","type":"post","link":"https:\/\/dampffreiheit.de\/blog\/2022\/08\/de-raucherzahl-steigt-die-loesung-liegt-auf-der-hand\/","title":{"rendered":"[DE] Raucherzahl steigt &#8211; die L\u00f6sung liegt auf der Hand"},"content":{"rendered":"<p>Durch den deutschen Bl\u00e4tterwald rauscht ein Ergebnis der DEBRA Studie, welche aufzeigt, dass in Deutschland w\u00e4hrend der Corona-Pandemie die Zahl rauchender Menschen um viertel stieg. Nun wird wieder nach mehr Regulierung gerufen, anstatt auf die Bed\u00fcrfnisse der Menschen einzugehen.<!--more--><\/p>\n<p>Beispielweise wurde die dpa Meldung auch in der \u00c4rzteZeitung ver\u00f6ffentlicht, &#8222;<em>Zahl der Raucher in Deutschland seit Beginn der Corona-Pandemie deutlich gestiegen<\/em>&#8220; <span id='easy-footnote-1-11855' class='easy-footnote-margin-adjust'><\/span><span class='easy-footnote'><a href='https:\/\/dampffreiheit.de\/blog\/2022\/08\/de-raucherzahl-steigt-die-loesung-liegt-auf-der-hand\/#easy-footnote-bottom-1-11855' title='&lt;a href=&quot;https:\/\/www.aerztezeitung.de\/Medizin\/Zahl-der-Raucher-in-Deutschland-seit-Beginn-der-Corona-Pandemie-deutlich-gestiegen-431891.html&quot; target=&quot;_blank&quot; rel=&quot;noopener&quot;&gt;https:\/\/www.aerztezeitung.de\/Medizin\/Zahl-der-Raucher-in-Deutschland-seit-Beginn-der-Corona-Pandemie-deutlich-gestiegen-431891.html&lt;\/a&gt;'><sup>1<\/sup><\/a><\/span>.\u00a0 Darin wird bezuggenommen auf die Ver\u00f6ffentlichung zur aktuellen Rauchpr\u00e4valenz in Deutschland, welche mit Beginn der &#8222;Coronakrise&#8220; stark zugenommen hat.<\/p>\n<figure id=\"attachment_11858\" aria-describedby=\"caption-attachment-11858\" style=\"width: 300px\" class=\"wp-caption aligncenter\"><a href=\"https:\/\/dampffreiheit.de\/blog\/wp-content\/uploads\/2022\/08\/20220829_DEBRA_Praevalenz-aktueller-Tabak-Raucherinnen-in-Deutschland_neu_1.png\"><img loading=\"lazy\" decoding=\"async\" class=\"wp-image-11858 size-medium\" src=\"https:\/\/dampffreiheit.de\/blog\/wp-content\/uploads\/2022\/08\/20220829_DEBRA_Praevalenz-aktueller-Tabak-Raucherinnen-in-Deutschland_neu_1-300x157.png\" alt=\"\" width=\"300\" height=\"157\" srcset=\"https:\/\/dampffreiheit.de\/blog\/wp-content\/uploads\/2022\/08\/20220829_DEBRA_Praevalenz-aktueller-Tabak-Raucherinnen-in-Deutschland_neu_1-300x157.png 300w, https:\/\/dampffreiheit.de\/blog\/wp-content\/uploads\/2022\/08\/20220829_DEBRA_Praevalenz-aktueller-Tabak-Raucherinnen-in-Deutschland_neu_1-1024x537.png 1024w, https:\/\/dampffreiheit.de\/blog\/wp-content\/uploads\/2022\/08\/20220829_DEBRA_Praevalenz-aktueller-Tabak-Raucherinnen-in-Deutschland_neu_1-768x403.png 768w, https:\/\/dampffreiheit.de\/blog\/wp-content\/uploads\/2022\/08\/20220829_DEBRA_Praevalenz-aktueller-Tabak-Raucherinnen-in-Deutschland_neu_1-920x483.png 920w, https:\/\/dampffreiheit.de\/blog\/wp-content\/uploads\/2022\/08\/20220829_DEBRA_Praevalenz-aktueller-Tabak-Raucherinnen-in-Deutschland_neu_1-230x121.png 230w, https:\/\/dampffreiheit.de\/blog\/wp-content\/uploads\/2022\/08\/20220829_DEBRA_Praevalenz-aktueller-Tabak-Raucherinnen-in-Deutschland_neu_1-350x184.png 350w, https:\/\/dampffreiheit.de\/blog\/wp-content\/uploads\/2022\/08\/20220829_DEBRA_Praevalenz-aktueller-Tabak-Raucherinnen-in-Deutschland_neu_1-480x252.png 480w, https:\/\/dampffreiheit.de\/blog\/wp-content\/uploads\/2022\/08\/20220829_DEBRA_Praevalenz-aktueller-Tabak-Raucherinnen-in-Deutschland_neu_1.png 1300w\" sizes=\"auto, (max-width: 300px) 100vw, 300px\" \/><\/a><figcaption id=\"caption-attachment-11858\" class=\"wp-caption-text\">Rauchpr\u00e4valenz in DE 06\/2022 &#8211; Quelle <a href=\"https:\/\/www.debra-study.info\/\">DEBRA Studie <\/a><\/figcaption><\/figure>\n<p>Stress, egal welcher Form, ist eine der Ursachen, weshalb Menschen beginnen zu rauchen oder auch wieder r\u00fcckf\u00e4llig zu werden. Dies war\/ist aufgrund der aktuellen politischen Coronama\u00dfnahmen auch kein Wunder. Schlie\u00dflich steht im schlimmsten Fall neben m\u00f6glichen Gesundheitsgefahren, auch m\u00f6glicherweise die eigene Existenz aufgrund des politischen Agierens auf dem Spiel. Daneben gibt es unz\u00e4hlige weitere Gr\u00fcnde f\u00fcr das Rauchen, wie &#8222;die Zigarette danach&#8220;, nach einer bestandenen Pr\u00fcfung oder eines anstrengenden Vortrages.<\/p>\n<p>Weshalb rauchen Menschen? Der Hauptgrund sind die positiven Eigenschaften von Nikotin. \u00c4hnlich wie Koffein, regt Nikotin das Gehirn an. Mehrere Studien konnten belegen, dass Nikotin die Aufmerksamkeit, sowie das Lang- und Kurzzeitged\u00e4chtnis positiv beeinflusst <span id='easy-footnote-2-11855' class='easy-footnote-margin-adjust'><\/span><span class='easy-footnote'><a href='https:\/\/dampffreiheit.de\/blog\/2022\/08\/de-raucherzahl-steigt-die-loesung-liegt-auf-der-hand\/#easy-footnote-bottom-2-11855' title='siehe auch &lt;a href=&quot;https:\/\/dampffreiheit.de\/blog\/studien\/&quot; target=&quot;_blank&quot; rel=&quot;noopener&quot;&gt;https:\/\/dampffreiheit.de\/blog\/studien\/&lt;\/a&gt; \u21d2 Kategorie Nikotin'><sup>2<\/sup><\/a><\/span>. Ebenso hat Nikotin positive Eigenschaften bei Parkinson, Alzheimer oder ADHS-Erkrankten <span id='easy-footnote-3-11855' class='easy-footnote-margin-adjust'><\/span><span class='easy-footnote'><a href='https:\/\/dampffreiheit.de\/blog\/2022\/08\/de-raucherzahl-steigt-die-loesung-liegt-auf-der-hand\/#easy-footnote-bottom-3-11855' title='siehe auch &lt;a href=&quot;https:\/\/mindstudy.org\/&quot; target=&quot;_blank&quot; rel=&quot;noopener&quot;&gt;https:\/\/mindstudy.org\/&lt;\/a&gt;'><sup>3<\/sup><\/a><\/span>.<\/p>\n<p>Leider ist der Tabakkonsum mittels Verbrennung so ziemlich die schlechteste Art des Nikotinkonsums, da bei der Tabakverbrennung sch\u00e4dliche Verbrennungsgase entstehen, welche sich bei jahrelangem Konsum nicht gerade f\u00f6rderlich auf die Gesundheit auswirken k\u00f6nnen.<\/p>\n<p>Dies ist bei dem Umstieg vom Rauchen auf das Dampfen nicht gegeben. Es wird kein Tabak verbrannt sondern eine Liquid erhitzt und verdampft. Rein physikalisch ein komplett anderer Vorgang. Bisher konnte bei korrekter Anwendung auch nicht wirklich etwas gef\u00e4hrliches gefunden werden <span id='easy-footnote-4-11855' class='easy-footnote-margin-adjust'><\/span><span class='easy-footnote'><a href='https:\/\/dampffreiheit.de\/blog\/2022\/08\/de-raucherzahl-steigt-die-loesung-liegt-auf-der-hand\/#easy-footnote-bottom-4-11855' title='siehe auch &lt;a href=&quot;https:\/\/dampffreiheit.de\/blog\/studien\/&quot; target=&quot;_blank&quot; rel=&quot;noopener&quot;&gt;https:\/\/dampffreiheit.de\/blog\/studien\/&lt;\/a&gt; \u21d2 Kategorie Aerosol'><sup>4<\/sup><\/a><\/span>.<\/p>\n<p>An dieser Stelle komme ich auf den o.g. Artikel zur\u00fcck. Darin wird Dr. Katrin Schaller, WHO-Kollaborationszentrum f\u00fcr Tabakkontrolle mit Sitz im DKFZ, zitiert:<\/p>\n<blockquote><p>&#8222;<em>Immer noch d\u00fcrfen die Hersteller ihre t\u00f6dlichen Produkte am Verkaufsort bewerben und sie rund um die Uhr an zahlreichen Automaten verkaufen. Rauchenden werden zu wenig Anreize f\u00fcr einen Rauchstopp geboten, und sie erhalten zu wenig Unterst\u00fctzung beim Ausstieg. Zudem bringen die Hersteller zunehmend neue Produkte wie E-Zigaretten, Tabakerhitzer und Nikotinbeutel auf den Markt.<\/em>&#8222;<\/p><\/blockquote>\n<p>Frau Dr. Schaller macht hier die L\u00f6sung zum Problem.<\/p>\n<p>Mittlerweile ist die wissenschaftliche Datengrundlage eindeutig. E-Dampfprodukte, Tabakerhitzer und Nikotinbeutel sind eine sicherere Alternative f\u00fcr Raucher. Insbesondere dann, wenn Raucher mit anderen Hilfsmittel, wie der Nikotinersatztherapie nicht die Raucherentw\u00f6hnung schaffen. Vorbild ist hier Public Health England in Gro\u00dfbritannien, welche erstmalig den Fakt brachten, dass E-Dampfen mindestens 95% weniger sch\u00e4dlich als Rauchen ist. Und das ist noch sehr vorsichtig formuliert. Seit dem wird die \u00d6ffentlichkeit regelm\u00e4\u00dfig auf den Seiten von PHE UK <span id='easy-footnote-5-11855' class='easy-footnote-margin-adjust'><\/span><span class='easy-footnote'><a href='https:\/\/dampffreiheit.de\/blog\/2022\/08\/de-raucherzahl-steigt-die-loesung-liegt-auf-der-hand\/#easy-footnote-bottom-5-11855' title='&lt;a href=&quot;https:\/\/www.gov.uk\/government\/collections\/e-cigarettes-and-vaping-policy-regulation-and-guidance&quot; target=&quot;_blank&quot; rel=&quot;noopener&quot;&gt;https:\/\/www.gov.uk\/government\/collections\/e-cigarettes-and-vaping-policy-regulation-and-guidance&lt;\/a&gt;'><sup>5<\/sup><\/a><\/span> \u00fcber neue Erkenntnisse zum Thema Dampfen, Rauchstopp und Regulierung informiert. Ebenso das renommierte Cochrane Institut hat zum Thema E-Dampfen eine fortlaufend aktualisierte Studien am Laufen <span id='easy-footnote-6-11855' class='easy-footnote-margin-adjust'><\/span><span class='easy-footnote'><a href='https:\/\/dampffreiheit.de\/blog\/2022\/08\/de-raucherzahl-steigt-die-loesung-liegt-auf-der-hand\/#easy-footnote-bottom-6-11855' title='&lt;a href=&quot;https:\/\/www.cebm.ox.ac.uk\/research\/electronic-cigarettes-for-smoking-cessation-cochrane-living-systematic-review-1&quot; target=&quot;_blank&quot; rel=&quot;noopener&quot;&gt;https:\/\/www.cebm.ox.ac.uk\/research\/electronic-cigarettes-for-smoking-cessation-cochrane-living-systematic-review-1&lt;\/a&gt;'><sup>6<\/sup><\/a><\/span>.<\/p>\n<p>Dazu ist wieder zu erw\u00e4hnen, dass die Tabakindustrie erst sehr sp\u00e4t auf den Zug der E-Dampfprodukte aufgesprungen ist. Die E-Dampfprodukteindustrie in ihrem Ursprung war komplett &#8222;Big-Tobacco&#8220; frei. Diese und die Konsumenten selbst haben die Innovation der E-Dampfe vorangetrieben.<\/p>\n<p>Nicht korrekt ist auch die Aussage bzgl. Werbung: es ist ein Werbeverbot im Bundestag und Bundesrat verabschiedet worden und dies gilt f\u00fcr E-Dampfprodukte ab dem 01.01.2024 <span id='easy-footnote-7-11855' class='easy-footnote-margin-adjust'><\/span><span class='easy-footnote'><a href='https:\/\/dampffreiheit.de\/blog\/2022\/08\/de-raucherzahl-steigt-die-loesung-liegt-auf-der-hand\/#easy-footnote-bottom-7-11855' title='&lt;a href=&quot;https:\/\/dampffreiheit.de\/blog\/2020\/09\/de-bundesrat-tabak-und-e-zigaretten-werbeverbot\/&quot; target=&quot;_blank&quot; rel=&quot;noopener&quot;&gt;https:\/\/dampffreiheit.de\/blog\/2020\/09\/de-bundesrat-tabak-und-e-zigaretten-werbeverbot\/&lt;\/a&gt;'><sup>7<\/sup><\/a><\/span>.<\/p>\n<p>Die Tabakkontrolle in Deutschland ignoriert alle wissenschaftliche Belege, dass der Umstieg vom Rauchen auf das Dampfen gesundheitliche Vorteile hat und sogar mindestens doppelt so effektiv ist zur Erreichung eines Rauchstopps ist, im Gegensatz zu den herk\u00f6mmlichen empfohlenen Therapieformen. So finden sich bei den Autoren der \u00fcberarbeiteten S3-Leitlinie zur Raucherentw\u00f6hnung <span id='easy-footnote-8-11855' class='easy-footnote-margin-adjust'><\/span><span class='easy-footnote'><a href='https:\/\/dampffreiheit.de\/blog\/2022\/08\/de-raucherzahl-steigt-die-loesung-liegt-auf-der-hand\/#easy-footnote-bottom-8-11855' title='&lt;a href=&quot;https:\/\/dampffreiheit.de\/blog\/2021\/01\/de-awmf-s3-leitlinie-zur-tabakentwoehnung-aktualisiert-harm-reduction-vernachlaessigt\/&quot; target=&quot;_blank&quot; rel=&quot;noopener&quot;&gt;https:\/\/dampffreiheit.de\/blog\/2021\/01\/de-awmf-s3-leitlinie-zur-tabakentwoehnung-aktualisiert-harm-reduction-vernachlaessigt\/&lt;\/a&gt;'><sup>8<\/sup><\/a><\/span> die \u00fcblichen Verd\u00e4chtigen, welche mit dem Prinzip der Schadensminimierung (harm reduction) nichts anfangen wollen und daher das Potential der E-Dampfe und Tabakerhitzer absichtlich vernachl\u00e4ssigen.<\/p>\n<p>Schlussendlich kommt noch die Politik ins Spiel, welche die Gesundheit gerne hernimmt um regulatorisch in das Privatleben einzugreifen, beim Thema Dampfen aber lieber den Fokus auf den Quell sprudelnder Steuereinnahmen richtet. Mit dem TabStMoG wird eine sicherere Alternative zum Rauchen heftiger besteuert als potentiell sch\u00e4dliche Tabakprodukte <span id='easy-footnote-9-11855' class='easy-footnote-margin-adjust'><\/span><span class='easy-footnote'><a href='https:\/\/dampffreiheit.de\/blog\/2022\/08\/de-raucherzahl-steigt-die-loesung-liegt-auf-der-hand\/#easy-footnote-bottom-9-11855' title='&lt;a href=&quot;https:\/\/dampffreiheit.de\/blog\/2021\/06\/de-tabstmog-bundesrat-nickt-ab\/&quot; target=&quot;_blank&quot; rel=&quot;noopener&quot;&gt;https:\/\/dampffreiheit.de\/blog\/2021\/06\/de-tabstmog-bundesrat-nickt-ab\/&lt;\/a&gt;'><sup>9<\/sup><\/a><\/span>. Von der Position des Bundesdrogenbeauftragten gar nicht erst zu reden <span id='easy-footnote-10-11855' class='easy-footnote-margin-adjust'><\/span><span class='easy-footnote'><a href='https:\/\/dampffreiheit.de\/blog\/2022\/08\/de-raucherzahl-steigt-die-loesung-liegt-auf-der-hand\/#easy-footnote-bottom-10-11855' title='&lt;a href=&quot;https:\/\/dampffreiheit.de\/blog\/2021\/10\/de-voll-daneben-jahresbericht-der-drogenbeauftragten-2021\/&quot; target=&quot;_blank&quot; rel=&quot;noopener&quot;&gt;https:\/\/dampffreiheit.de\/blog\/2021\/10\/de-voll-daneben-jahresbericht-der-drogenbeauftragten-2021\/&lt;\/a&gt;'><sup>10<\/sup><\/a><\/span>.<\/p>\n<p>Im Artikel wird Christina Rummel, Gesch\u00e4ftsf\u00fchrerin der Deutschen Hauptstelle f\u00fcr Suchtfragen (DHS), mit dieser Aussage zitiert:<\/p>\n<blockquote><p><em>&#8222;Das Beispiel Neuseeland zeigt, dass es auch anders geht: Dort soll der Verkauf von Zigaretten langfristig ganz verboten werden. Eine nachhaltige Verringerung des Tabakkonsums geh\u00f6rt auch in Deutschland ganz oben auf die gesundheitspolitische Agenda.&#8220;<\/em><\/p><\/blockquote>\n<p>Frau Rummels erw\u00e4hnt hier nur die halbe Wahrheit und l\u00e4sst den wichtigsten Fakt weg. Im Gegensatz zu Deutschland unterst\u00fctzt Neuseeland aktiv den Umstieg vom Rauchen auf das Dampfen und kl\u00e4rt interessierte B\u00fcrger faktenbasiert auf einer eigenen Regierungsseite, &#8222;<em>Vaping Facts<\/em>&#8220; <span id='easy-footnote-11-11855' class='easy-footnote-margin-adjust'><\/span><span class='easy-footnote'><a href='https:\/\/dampffreiheit.de\/blog\/2022\/08\/de-raucherzahl-steigt-die-loesung-liegt-auf-der-hand\/#easy-footnote-bottom-11-11855' title='&lt;a href=&quot;https:\/\/vapingfacts.health.nz\/&quot; target=&quot;_blank&quot; rel=&quot;noopener&quot;&gt;https:\/\/vapingfacts.health.nz\/&lt;\/a&gt;'><sup>11<\/sup><\/a><\/span> dazu auf.<\/p>\n<p>In Deutschland gibt es aber auch Wissenschaftler, welche sich f\u00fcr das Prinzip der Tabakschadensminimierung mit Hilfe der E-Dampfe einsetzen. Die prominentesten darunter sind: Suchtforscher Prof. Dr. Heino St\u00f6ver (ISFF), Dr. Thomas Hering (Pneumologe) und Prof. Dr. Martin Storck (Gef\u00e4\u00dfchirurgie). Sie und zahlreiche andere Wissenschaftler haben ein entsprechendes Positionspapier zur Tobacco Harm Reduction gezeichnet und ver\u00f6ffentlicht <span id='easy-footnote-12-11855' class='easy-footnote-margin-adjust'><\/span><span class='easy-footnote'><a href='https:\/\/dampffreiheit.de\/blog\/2022\/08\/de-raucherzahl-steigt-die-loesung-liegt-auf-der-hand\/#easy-footnote-bottom-12-11855' title='&lt;a href=&quot;https:\/\/dampffreiheit.de\/blog\/2020\/10\/de-isff-positionspapier-tabakkonsum-und-schadensminimierung\/&quot; target=&quot;_blank&quot; rel=&quot;noopener&quot;&gt;https:\/\/dampffreiheit.de\/blog\/2020\/10\/de-isff-positionspapier-tabakkonsum-und-schadensminimierung\/&lt;\/a&gt;'><sup>12<\/sup><\/a><\/span>.<\/p>\n<blockquote><p>F\u00fcr Tabakraucher, welche nicht mit dem Rauchen aufh\u00f6ren k\u00f6nnen\/wollen bedeutet der vollst\u00e4ndige Umstieg auf die E-Zigarette eine Schadensminimierung<\/p><\/blockquote>\n<p>Und genau das ist die L\u00f6sung.<\/p>\n<div class=\"shariff shariff-align-center shariff-widget-align-center\"><ul class=\"shariff-buttons theme-grey orientation-horizontal buttonsize-small\"><li class=\"shariff-button mailto shariff-nocustomcolor\" style=\"background-color:#a8a8a8\"><a href=\"mailto:?body=https%3A%2F%2Fdampffreiheit.de%2Fblog%2F2022%2F08%2Fde-raucherzahl-steigt-die-loesung-liegt-auf-der-hand%2F&subject=%5BDE%5D%20Raucherzahl%20steigt%20%E2%80%93%20die%20L%C3%B6sung%20liegt%20auf%20der%20Hand\" title=\"Per E-Mail versenden\" aria-label=\"Per E-Mail versenden\" role=\"button\" rel=\"noopener nofollow\" class=\"shariff-link\" style=\"; background-color:#999; color:#fff\"><span class=\"shariff-icon\" style=\"\"><svg width=\"32px\" height=\"20px\" xmlns=\"http:\/\/www.w3.org\/2000\/svg\" viewBox=\"0 0 32 32\"><path fill=\"#999\" d=\"M32 12.7v14.2q0 1.2-0.8 2t-2 0.9h-26.3q-1.2 0-2-0.9t-0.8-2v-14.2q0.8 0.9 1.8 1.6 6.5 4.4 8.9 6.1 1 0.8 1.6 1.2t1.7 0.9 2 0.4h0.1q0.9 0 2-0.4t1.7-0.9 1.6-1.2q3-2.2 8.9-6.1 1-0.7 1.8-1.6zM32 7.4q0 1.4-0.9 2.7t-2.2 2.2q-6.7 4.7-8.4 5.8-0.2 0.1-0.7 0.5t-1 0.7-0.9 0.6-1.1 0.5-0.9 0.2h-0.1q-0.4 0-0.9-0.2t-1.1-0.5-0.9-0.6-1-0.7-0.7-0.5q-1.6-1.1-4.7-3.2t-3.6-2.6q-1.1-0.7-2.1-2t-1-2.5q0-1.4 0.7-2.3t2.1-0.9h26.3q1.2 0 2 0.8t0.9 2z\"\/><\/svg><\/span><span class=\"shariff-text\">E-Mail<\/span>&nbsp;<\/a><\/li><li class=\"shariff-button mastodon shariff-nocustomcolor\" style=\"background-color:#563ACC\"><a href=\"https:\/\/s2f.kytta.dev\/?text=%5BDE%5D%20Raucherzahl%20steigt%20%E2%80%93%20die%20L%C3%B6sung%20liegt%20auf%20der%20Hand https%3A%2F%2Fdampffreiheit.de%2Fblog%2F2022%2F08%2Fde-raucherzahl-steigt-die-loesung-liegt-auf-der-hand%2F\" title=\"Bei Mastodon teilen\" aria-label=\"Bei Mastodon teilen\" role=\"button\" rel=\"noopener nofollow\" class=\"shariff-link\" style=\"; background-color:#6364FF; color:#fff\" target=\"_blank\"><span class=\"shariff-icon\" style=\"\"><svg width=\"75\" height=\"79\" viewBox=\"0 0 75 79\" fill=\"none\" xmlns=\"http:\/\/www.w3.org\/2000\/svg\"><path d=\"M37.813-.025C32.462-.058 27.114.13 21.79.598c-8.544.621-17.214 5.58-20.203 13.931C-1.12 23.318.408 32.622.465 41.65c.375 7.316.943 14.78 3.392 21.73 4.365 9.465 14.781 14.537 24.782 15.385 7.64.698 15.761-.213 22.517-4.026a54.1 54.1 0 0 0 .01-6.232c-6.855 1.316-14.101 2.609-21.049 1.074-3.883-.88-6.876-4.237-7.25-8.215-1.53-3.988 3.78-.43 5.584-.883 9.048 1.224 18.282.776 27.303-.462 7.044-.837 14.26-4.788 16.65-11.833 2.263-6.135 1.215-12.79 1.698-19.177.06-3.84.09-7.692-.262-11.52C72.596 7.844 63.223.981 53.834.684a219.453 219.453 0 0 0-16.022-.71zm11.294 12.882c5.5-.067 10.801 4.143 11.67 9.653.338 1.48.471 3 .471 4.515v21.088h-8.357c-.07-7.588.153-15.182-.131-22.765-.587-4.368-7.04-5.747-9.672-2.397-2.422 3.04-1.47 7.155-1.67 10.735v6.392h-8.307c-.146-4.996.359-10.045-.404-15.002-1.108-4.218-7.809-5.565-10.094-1.666-1.685 3.046-.712 6.634-.976 9.936v14.767h-8.354c.109-8.165-.238-16.344.215-24.5.674-5.346 5.095-10.389 10.676-10.627 4.902-.739 10.103 2.038 12.053 6.631.375 1.435 1.76 1.932 1.994.084 1.844-3.704 5.501-6.739 9.785-6.771.367-.044.735-.068 1.101-.073z\"\/><defs><linearGradient id=\"paint0_linear_549_34\" x1=\"37.0692\" y1=\"0\" x2=\"37.0692\" y2=\"79\" gradientUnits=\"userSpaceOnUse\"><stop stop-color=\"#6364FF\"\/><stop offset=\"1\" stop-color=\"#563ACC\"\/><\/linearGradient><\/defs><\/svg><\/span><span class=\"shariff-text\">teilen<\/span>&nbsp;<\/a><\/li><li class=\"shariff-button twitter shariff-nocustomcolor\" style=\"background-color:#595959\"><a href=\"https:\/\/twitter.com\/share?url=https%3A%2F%2Fdampffreiheit.de%2Fblog%2F2022%2F08%2Fde-raucherzahl-steigt-die-loesung-liegt-auf-der-hand%2F&text=%5BDE%5D%20Raucherzahl%20steigt%20%E2%80%93%20die%20L%C3%B6sung%20liegt%20auf%20der%20Hand&via=DampfFreiheit\" title=\"Bei X teilen\" aria-label=\"Bei X teilen\" role=\"button\" rel=\"noopener nofollow\" class=\"shariff-link\" style=\"; background-color:#000; color:#fff\" target=\"_blank\"><span class=\"shariff-icon\" style=\"\"><svg width=\"32px\" height=\"20px\" xmlns=\"http:\/\/www.w3.org\/2000\/svg\" viewBox=\"0 0 24 24\"><path fill=\"#000\" d=\"M14.258 10.152L23.176 0h-2.113l-7.747 8.813L7.133 0H0l9.352 13.328L0 23.973h2.113l8.176-9.309 6.531 9.309h7.133zm-2.895 3.293l-.949-1.328L2.875 1.56h3.246l6.086 8.523.945 1.328 7.91 11.078h-3.246zm0 0\"\/><\/svg><\/span><span class=\"shariff-text\">teilen<\/span>&nbsp;<\/a><\/li><li class=\"shariff-button telegram shariff-nocustomcolor\" style=\"background-color:#4084A6\"><a href=\"https:\/\/telegram.me\/share\/url?url=https%3A%2F%2Fdampffreiheit.de%2Fblog%2F2022%2F08%2Fde-raucherzahl-steigt-die-loesung-liegt-auf-der-hand%2F&text=%5BDE%5D%20Raucherzahl%20steigt%20%E2%80%93%20die%20L%C3%B6sung%20liegt%20auf%20der%20Hand\" title=\"Bei Telegram teilen\" aria-label=\"Bei Telegram teilen\" role=\"button\" rel=\"noopener nofollow\" class=\"shariff-link\" style=\"; background-color:#0088cc; color:#fff\" target=\"_blank\"><span class=\"shariff-icon\" style=\"\"><svg width=\"32px\" height=\"20px\" xmlns=\"http:\/\/www.w3.org\/2000\/svg\" viewBox=\"0 0 32 32\"><path fill=\"#0088cc\" d=\"M30.8 6.5l-4.5 21.4c-.3 1.5-1.2 1.9-2.5 1.2L16.9 24l-3.3 3.2c-.4.4-.7.7-1.4.7l.5-7L25.5 9.2c.6-.5-.1-.8-.9-.3l-15.8 10L2 16.7c-1.5-.5-1.5-1.5.3-2.2L28.9 4.3c1.3-.5 2.3.3 1.9 2.2z\"\/><\/svg><\/span><span class=\"shariff-text\">teilen<\/span>&nbsp;<\/a><\/li><li class=\"shariff-button diaspora shariff-nocustomcolor\" style=\"background-color:#b3b3b3\"><a href=\"https:\/\/share.diasporafoundation.org\/?url=https%3A%2F%2Fdampffreiheit.de%2Fblog%2F2022%2F08%2Fde-raucherzahl-steigt-die-loesung-liegt-auf-der-hand%2F&title=%5BDE%5D%20Raucherzahl%20steigt%20%E2%80%93%20die%20L%C3%B6sung%20liegt%20auf%20der%20Hand\" title=\"Bei diaspora* teilen\" aria-label=\"Bei diaspora* teilen\" role=\"button\" rel=\"noopener nofollow\" class=\"shariff-link\" style=\"; background-color:#999; color:#fff\" target=\"_blank\"><span class=\"shariff-icon\" style=\"\"><svg width=\"32px\" height=\"20px\" xmlns=\"http:\/\/www.w3.org\/2000\/svg\" viewBox=\"0 0 33 32\"><path fill=\"#999\" d=\"M20.6 28.2c-0.8-1.2-2.1-2.9-2.9-4-0.8-1.1-1.4-1.9-1.4-1.9s-1.2 1.6-2.8 3.8c-1.5 2.1-2.8 3.8-2.8 3.8 0 0-5.5-3.9-5.5-3.9 0 0 1.2-1.8 2.8-4s2.8-4 2.8-4.1c0-0.1-0.5-0.2-4.4-1.5-2.4-0.8-4.4-1.5-4.4-1.5 0 0 0.2-0.8 1-3.2 0.6-1.8 1-3.2 1.1-3.3s2.1 0.6 4.6 1.5c2.5 0.8 4.6 1.5 4.6 1.5s0.1 0 0.1-0.1c0 0 0-2.2 0-4.8s0-4.7 0.1-4.7c0 0 0.7 0 3.3 0 1.8 0 3.3 0 3.4 0 0 0 0.1 1.4 0.2 4.6 0.1 5.2 0.1 5.3 0.2 5.3 0 0 2-0.7 4.5-1.5s4.4-1.5 4.4-1.5c0 0.1 2 6.5 2 6.5 0 0-2 0.7-4.5 1.5-3.4 1.1-4.5 1.5-4.5 1.6 0 0 1.2 1.8 2.6 3.9 1.5 2.1 2.6 3.9 2.6 3.9 0 0-5.4 4-5.5 4 0 0-0.7-0.9-1.5-2.1z\"\/><\/svg><\/span><span class=\"shariff-text\">teilen<\/span>&nbsp;<\/a><\/li><li class=\"shariff-button facebook shariff-nocustomcolor\" style=\"background-color:#4273c8\"><a href=\"https:\/\/www.facebook.com\/sharer\/sharer.php?u=https%3A%2F%2Fdampffreiheit.de%2Fblog%2F2022%2F08%2Fde-raucherzahl-steigt-die-loesung-liegt-auf-der-hand%2F\" title=\"Bei Facebook teilen\" aria-label=\"Bei Facebook teilen\" role=\"button\" rel=\"nofollow\" class=\"shariff-link\" style=\"; background-color:#3b5998; color:#fff\" target=\"_blank\"><span class=\"shariff-icon\" style=\"\"><svg width=\"32px\" height=\"20px\" xmlns=\"http:\/\/www.w3.org\/2000\/svg\" viewBox=\"0 0 18 32\"><path fill=\"#3b5998\" d=\"M17.1 0.2v4.7h-2.8q-1.5 0-2.1 0.6t-0.5 1.9v3.4h5.2l-0.7 5.3h-4.5v13.6h-5.5v-13.6h-4.5v-5.3h4.5v-3.9q0-3.3 1.9-5.2t5-1.8q2.6 0 4.1 0.2z\"\/><\/svg><\/span><span class=\"shariff-text\">teilen<\/span>&nbsp;<\/a><\/li><li class=\"shariff-button threema shariff-nocustomcolor shariff-mobile\" style=\"background-color:#4fbc24\"><a href=\"threema:\/\/compose?text=%5BDE%5D%20Raucherzahl%20steigt%20%E2%80%93%20die%20L%C3%B6sung%20liegt%20auf%20der%20Hand%20https%3A%2F%2Fdampffreiheit.de%2Fblog%2F2022%2F08%2Fde-raucherzahl-steigt-die-loesung-liegt-auf-der-hand%2F\" title=\"Bei Threema teilen\" aria-label=\"Bei Threema teilen\" role=\"button\" rel=\"noopener nofollow\" class=\"shariff-link\" style=\"; background-color:#1f1f1f; color:#fff\" target=\"_blank\"><span class=\"shariff-icon\" style=\"\"><svg width=\"32px\" height=\"20px\" xmlns=\"http:\/\/www.w3.org\/2000\/svg\" viewBox=\"0 0 32 32\"><path fill=\"#1f1f1f\" d=\"M30.8 10.9c-0.3-1.4-0.9-2.6-1.8-3.8-2-2.6-5.5-4.5-9.4-5.2-1.3-0.2-1.9-0.3-3.5-0.3s-2.2 0-3.5 0.3c-4 0.7-7.4 2.6-9.4 5.2-0.9 1.2-1.5 2.4-1.8 3.8-0.1 0.5-0.2 1.2-0.2 1.6 0 0.4 0.1 1.1 0.2 1.6 0.4 1.9 1.3 3.4 2.9 5 0.8 0.8 0.8 0.8 0.7 1.3 0 0.6-0.5 1.6-1.7 3.6-0.3 0.5-0.5 0.9-0.5 0.9 0 0.1 0.1 0.1 0.5 0 0.8-0.2 2.3-0.6 5.6-1.6 1.1-0.3 1.3-0.4 2.3-0.4 0.8 0 1.1 0 2.3 0.2 1.5 0.2 3.5 0.2 4.9 0 5.1-0.6 9.3-2.9 11.4-6.3 0.5-0.9 0.9-1.8 1.1-2.8 0.1-0.5 0.2-1.1 0.2-1.6 0-0.7-0.1-1.1-0.2-1.6-0.3-1.4 0.1 0.5 0 0zM20.6 17.3c0 0.4-0.4 0.8-0.8 0.8h-7.7c-0.4 0-0.8-0.4-0.8-0.8v-4.6c0-0.4 0.4-0.8 0.8-0.8h0.2l0-1.6c0-0.9 0-1.8 0.1-2 0.1-0.6 0.6-1.2 1.1-1.7s1.1-0.7 1.9-0.8c1.8-0.3 3.7 0.7 4.2 2.2 0.1 0.3 0.1 0.7 0.1 2.1v0 1.7h0.1c0.4 0 0.8 0.4 0.8 0.8v4.6zM15.6 7.3c-0.5 0.1-0.8 0.3-1.2 0.6s-0.6 0.8-0.7 1.3c0 0.2 0 0.8 0 1.5l0 1.2h4.6v-1.3c0-1 0-1.4-0.1-1.6-0.3-1.1-1.5-1.9-2.6-1.7zM25.8 28.2c0 1.2-1 2.2-2.1 2.2s-2.1-1-2.1-2.1c0-1.2 1-2.1 2.2-2.1s2.2 1 2.2 2.2zM18.1 28.2c0 1.2-1 2.2-2.1 2.2s-2.1-1-2.1-2.1c0-1.2 1-2.1 2.2-2.1s2.2 1 2.2 2.2zM10.4 28.2c0 1.2-1 2.2-2.1 2.2s-2.1-1-2.1-2.1c0-1.2 1-2.1 2.2-2.1s2.2 1 2.2 2.2z\"\/><\/svg><\/span><span class=\"shariff-text\">teilen<\/span>&nbsp;<\/a><\/li><li class=\"shariff-button tumblr shariff-nocustomcolor\" style=\"background-color:#529ecc\"><a href=\"https:\/\/www.tumblr.com\/widgets\/share\/tool?posttype=link&canonicalUrl=https%3A%2F%2Fdampffreiheit.de%2Fblog%2F2022%2F08%2Fde-raucherzahl-steigt-die-loesung-liegt-auf-der-hand%2F&tags=dampffreiheit.de\" title=\"Bei tumblr teilen\" aria-label=\"Bei tumblr teilen\" role=\"button\" rel=\"noopener nofollow\" class=\"shariff-link\" style=\"; background-color:#36465d; color:#fff\" target=\"_blank\"><span class=\"shariff-icon\" style=\"\"><svg width=\"32px\" height=\"20px\" xmlns=\"http:\/\/www.w3.org\/2000\/svg\" viewBox=\"0 0 32 32\"><path fill=\"#36465d\" d=\"M18 14l0 7.3c0 1.9 0 2.9 0.2 3.5 0.2 0.5 0.7 1.1 1.2 1.4 0.7 0.4 1.5 0.6 2.4 0.6 1.6 0 2.6-0.2 4.2-1.3v4.8c-1.4 0.6-2.6 1-3.7 1.3-1.1 0.3-2.3 0.4-3.6 0.4-1.5 0-2.3-0.2-3.4-0.6-1.1-0.4-2.1-0.9-2.9-1.6-0.8-0.7-1.3-1.4-1.7-2.2s-0.5-1.9-0.5-3.4v-11.2h-4.3v-4.5c1.3-0.4 2.7-1 3.6-1.8 0.9-0.8 1.6-1.7 2.2-2.7 0.5-1.1 0.9-2.4 1.1-4.1h5.2l0 8h8v6h-8z\"\/><\/svg><\/span><span class=\"shariff-text\">teilen<\/span>&nbsp;<\/a><\/li><li class=\"shariff-button reddit shariff-nocustomcolor\" style=\"background-color:#ff5700\"><a href=\"https:\/\/www.reddit.com\/submit?url=https%3A%2F%2Fdampffreiheit.de%2Fblog%2F2022%2F08%2Fde-raucherzahl-steigt-die-loesung-liegt-auf-der-hand%2F\" title=\"Bei Reddit teilen\" aria-label=\"Bei Reddit teilen\" role=\"button\" rel=\"noopener nofollow\" class=\"shariff-link\" style=\"; background-color:#ff4500; color:#fff\" target=\"_blank\"><span class=\"shariff-icon\" style=\"\"><svg xmlns=\"http:\/\/www.w3.org\/2000\/svg\" viewBox=\"0 0 512 512\"><path fill=\"#ff4500\" d=\"M440.3 203.5c-15 0-28.2 6.2-37.9 15.9-35.7-24.7-83.8-40.6-137.1-42.3L293 52.3l88.2 19.8c0 21.6 17.6 39.2 39.2 39.2 22 0 39.7-18.1 39.7-39.7s-17.6-39.7-39.7-39.7c-15.4 0-28.7 9.3-35.3 22l-97.4-21.6c-4.9-1.3-9.7 2.2-11 7.1L246.3 177c-52.9 2.2-100.5 18.1-136.3 42.8-9.7-10.1-23.4-16.3-38.4-16.3-55.6 0-73.8 74.6-22.9 100.1-1.8 7.9-2.6 16.3-2.6 24.7 0 83.8 94.4 151.7 210.3 151.7 116.4 0 210.8-67.9 210.8-151.7 0-8.4-.9-17.2-3.1-25.1 49.9-25.6 31.5-99.7-23.8-99.7zM129.4 308.9c0-22 17.6-39.7 39.7-39.7 21.6 0 39.2 17.6 39.2 39.7 0 21.6-17.6 39.2-39.2 39.2-22 .1-39.7-17.6-39.7-39.2zm214.3 93.5c-36.4 36.4-139.1 36.4-175.5 0-4-3.5-4-9.7 0-13.7 3.5-3.5 9.7-3.5 13.2 0 27.8 28.5 120 29 149 0 3.5-3.5 9.7-3.5 13.2 0 4.1 4 4.1 10.2.1 13.7zm-.8-54.2c-21.6 0-39.2-17.6-39.2-39.2 0-22 17.6-39.7 39.2-39.7 22 0 39.7 17.6 39.7 39.7-.1 21.5-17.7 39.2-39.7 39.2z\"\/><\/svg><\/span><span class=\"shariff-text\">teilen<\/span>&nbsp;<\/a><\/li><li class=\"shariff-button whatsapp shariff-nocustomcolor\" style=\"background-color:#5cbe4a\"><a href=\"https:\/\/api.whatsapp.com\/send?text=https%3A%2F%2Fdampffreiheit.de%2Fblog%2F2022%2F08%2Fde-raucherzahl-steigt-die-loesung-liegt-auf-der-hand%2F%20%5BDE%5D%20Raucherzahl%20steigt%20%E2%80%93%20die%20L%C3%B6sung%20liegt%20auf%20der%20Hand\" title=\"Bei Whatsapp teilen\" aria-label=\"Bei Whatsapp teilen\" role=\"button\" rel=\"noopener nofollow\" class=\"shariff-link\" style=\"; background-color:#34af23; color:#fff\" target=\"_blank\"><span class=\"shariff-icon\" style=\"\"><svg width=\"32px\" height=\"20px\" xmlns=\"http:\/\/www.w3.org\/2000\/svg\" viewBox=\"0 0 32 32\"><path fill=\"#34af23\" d=\"M17.6 17.4q0.2 0 1.7 0.8t1.6 0.9q0 0.1 0 0.3 0 0.6-0.3 1.4-0.3 0.7-1.3 1.2t-1.8 0.5q-1 0-3.4-1.1-1.7-0.8-3-2.1t-2.6-3.3q-1.3-1.9-1.3-3.5v-0.1q0.1-1.6 1.3-2.8 0.4-0.4 0.9-0.4 0.1 0 0.3 0t0.3 0q0.3 0 0.5 0.1t0.3 0.5q0.1 0.4 0.6 1.6t0.4 1.3q0 0.4-0.6 1t-0.6 0.8q0 0.1 0.1 0.3 0.6 1.3 1.8 2.4 1 0.9 2.7 1.8 0.2 0.1 0.4 0.1 0.3 0 1-0.9t0.9-0.9zM14 26.9q2.3 0 4.3-0.9t3.6-2.4 2.4-3.6 0.9-4.3-0.9-4.3-2.4-3.6-3.6-2.4-4.3-0.9-4.3 0.9-3.6 2.4-2.4 3.6-0.9 4.3q0 3.6 2.1 6.6l-1.4 4.2 4.3-1.4q2.8 1.9 6.2 1.9zM14 2.2q2.7 0 5.2 1.1t4.3 2.9 2.9 4.3 1.1 5.2-1.1 5.2-2.9 4.3-4.3 2.9-5.2 1.1q-3.5 0-6.5-1.7l-7.4 2.4 2.4-7.2q-1.9-3.2-1.9-6.9 0-2.7 1.1-5.2t2.9-4.3 4.3-2.9 5.2-1.1z\"\/><\/svg><\/span><span class=\"shariff-text\">teilen<\/span>&nbsp;<\/a><\/li><li class=\"shariff-button info shariff-nocustomcolor\" style=\"background-color:#a8a8a8\"><a href=\"http:\/\/ct.de\/-2467514\" title=\"Weitere Informationen\" aria-label=\"Weitere Informationen\" role=\"button\" rel=\"noopener \" class=\"shariff-link\" style=\"; background-color:#999; color:#fff\" target=\"_blank\"><span class=\"shariff-icon\" style=\"\"><svg width=\"32px\" height=\"20px\" xmlns=\"http:\/\/www.w3.org\/2000\/svg\" viewBox=\"0 0 11 32\"><path fill=\"#999\" d=\"M11.4 24v2.3q0 0.5-0.3 0.8t-0.8 0.4h-9.1q-0.5 0-0.8-0.4t-0.4-0.8v-2.3q0-0.5 0.4-0.8t0.8-0.4h1.1v-6.8h-1.1q-0.5 0-0.8-0.4t-0.4-0.8v-2.3q0-0.5 0.4-0.8t0.8-0.4h6.8q0.5 0 0.8 0.4t0.4 0.8v10.3h1.1q0.5 0 0.8 0.4t0.3 0.8zM9.2 3.4v3.4q0 0.5-0.4 0.8t-0.8 0.4h-4.6q-0.4 0-0.8-0.4t-0.4-0.8v-3.4q0-0.4 0.4-0.8t0.8-0.4h4.6q0.5 0 0.8 0.4t0.4 0.8z\"\/><\/svg><\/span><\/a><\/li><\/ul><\/div>","protected":false},"excerpt":{"rendered":"<p>Durch den deutschen Bl\u00e4tterwald rauscht ein Ergebnis der DEBRA Studie, welche aufzeigt, dass in Deutschland w\u00e4hrend der Corona-Pandemie die Zahl rauchender Menschen um viertel stieg. Nun wird wieder nach mehr [&hellip;]<\/p>\n","protected":false},"author":1,"featured_media":11864,"comment_status":"open","ping_status":"open","sticky":false,"template":"","format":"standard","meta":{"_sitemap_exclude":false,"_sitemap_priority":"","_sitemap_frequency":"","footnotes":""},"categories":[54,1428],"tags":[310,1885,1433,873,26,883,800,22,1434,664,639],"class_list":["post-11855","post","type-post","status-publish","format-standard","has-post-thumbnail","hentry","category-blog","category-medienundmagazine","tag-aerztezeitung","tag-christina-rummel","tag-debra","tag-dhs","tag-dkfz","tag-dr-katrin-schaller","tag-e-dampfe","tag-e-zigarette","tag-prof-dr-daniel-kotz","tag-rauchen","tag-tabakschadensminimierung"],"_links":{"self":[{"href":"https:\/\/dampffreiheit.de\/blog\/wp-json\/wp\/v2\/posts\/11855","targetHints":{"allow":["GET"]}}],"collection":[{"href":"https:\/\/dampffreiheit.de\/blog\/wp-json\/wp\/v2\/posts"}],"about":[{"href":"https:\/\/dampffreiheit.de\/blog\/wp-json\/wp\/v2\/types\/post"}],"author":[{"embeddable":true,"href":"https:\/\/dampffreiheit.de\/blog\/wp-json\/wp\/v2\/users\/1"}],"replies":[{"embeddable":true,"href":"https:\/\/dampffreiheit.de\/blog\/wp-json\/wp\/v2\/comments?post=11855"}],"version-history":[{"count":0,"href":"https:\/\/dampffreiheit.de\/blog\/wp-json\/wp\/v2\/posts\/11855\/revisions"}],"wp:featuredmedia":[{"embeddable":true,"href":"https:\/\/dampffreiheit.de\/blog\/wp-json\/wp\/v2\/media\/11864"}],"wp:attachment":[{"href":"https:\/\/dampffreiheit.de\/blog\/wp-json\/wp\/v2\/media?parent=11855"}],"wp:term":[{"taxonomy":"category","embeddable":true,"href":"https:\/\/dampffreiheit.de\/blog\/wp-json\/wp\/v2\/categories?post=11855"},{"taxonomy":"post_tag","embeddable":true,"href":"https:\/\/dampffreiheit.de\/blog\/wp-json\/wp\/v2\/tags?post=11855"}],"curies":[{"name":"wp","href":"https:\/\/api.w.org\/{rel}","templated":true}]}}